{"id":910,"date":"2022-09-16T23:48:15","date_gmt":"2022-09-16T23:48:15","guid":{"rendered":"https:\/\/remaxba.com.br\/?p=910"},"modified":"2022-09-30T11:47:28","modified_gmt":"2022-09-30T11:47:28","slug":"conheca-a-re-max-ilha-loja-franqueada-re-max-regional-grupo-bahia","status":"publish","type":"post","link":"https:\/\/remaxba.com.br\/index.php\/2022\/09\/16\/conheca-a-re-max-ilha-loja-franqueada-re-max-regional-grupo-bahia\/","title":{"rendered":"CONHE\u00c7A A RE\/MAX ILHA, LOJA FRANQUEADA RE\/MAX REGIONAL GRUPO BAHIA"},"content":{"rendered":"\n<p>Desde 2021, a cidade de Vera Cruz&nbsp;&#8211;&nbsp;Bahia, conta com uma incr\u00edvel unidade da maior rede de imobili\u00e1rias do mundo, a RE\/MAX. A AF SOLU\u00c7\u00d5ES IMOBILI\u00c1RIAS passou pelo processo de convers\u00e3o e assina com maestria seu nome no mercado como RE\/MAX ILHA.<\/p>\n\n\n\n<p>\u00c0 frente da opera\u00e7\u00e3o est\u00e1 o empres\u00e1rio Ademilson Fran\u00e7a Santos Junior.<\/p>\n\n\n\n<h2 class=\"wp-block-heading\"><strong>SOBRE O FRANQUEADO<\/strong><\/h2>\n\n\n\n<p>Ademilson Fran\u00e7a Santos Junior \u00e9 um empres\u00e1rio com forte vis\u00e3o multidisciplinar e grande experi\u00eancia no mercado imobili\u00e1rio.<\/p>\n\n\n\n<p>Trabalha como Corretor de Im\u00f3veis desde 2014, concomitantemente ao exerc\u00edcio da atividade de funcion\u00e1rio p\u00fablico municipal h\u00e1 13 anos.<\/p>\n\n\n\n<p>Em 2018, &nbsp;com base em todo conhecimento adquirido ao longo da carreira, tomou a decis\u00e3o de empreender em seu pr\u00f3prio neg\u00f3cio, inaugurando na Ilha de Itaparica-BA a Imobili\u00e1ria AF Solu\u00e7\u00f5es Imobili\u00e1rias.<\/p>\n\n\n\n<figure class=\"wp-block-image size-large\"><img loading=\"lazy\" decoding=\"async\" width=\"588\" height=\"1024\" src=\"https:\/\/remaxba.com.br\/wp-content\/uploads\/2022\/09\/WhatsApp-Image-2022-09-26-at-17.39.20-588x1024.jpeg\" alt=\"\" class=\"wp-image-914\" srcset=\"https:\/\/remaxba.com.br\/wp-content\/uploads\/2022\/09\/WhatsApp-Image-2022-09-26-at-17.39.20-588x1024.jpeg 588w, https:\/\/remaxba.com.br\/wp-content\/uploads\/2022\/09\/WhatsApp-Image-2022-09-26-at-17.39.20-480x836.jpeg 480w\" sizes=\"(min-width: 0px) and (max-width: 480px) 480px, (min-width: 481px) 588px, 100vw\" \/><\/figure>\n\n\n\n<h2 class=\"wp-block-heading\"><strong>CONVERS\u00c3O RE\/MAX<\/strong><\/h2>\n\n\n\n<p>Ademilson conta que, ap\u00f3s tr\u00eas anos de atua\u00e7\u00e3o mercado, decidiu aperfei\u00e7oar ainda mais a estrutura do neg\u00f3cio e processos internos, dando in\u00edcio aos tr\u00e2mites para investimento em franquia imobili\u00e1ria.<\/p>\n\n\n\n<p>Foi a\u00ed que conheceu o modelo de neg\u00f3cio da RE\/MAX, que veio totalmente ao encontro do que buscava.<\/p>\n\n\n\n<p>Prontamente se identificou com o formato de trabalho e solu\u00e7\u00f5es inovadoras da l\u00edder do franchising imobili\u00e1rio mundial, com marca consolidada mundialmente desde 1973.<\/p>\n\n\n\n<p>Em 2021, oficialmente tornava real a aquisi\u00e7\u00e3o da franquia e inaugura\u00e7\u00e3o da ag\u00eancia. Assinou a convers\u00e3o da Imobili\u00e1ria AF Solu\u00e7\u00f5es Imobili\u00e1rias para RE\/MAX Ilha, com sede na Rodovia BA-001 Km 9, Coroa, Vera Cruz-BA.<\/p>\n\n\n\n<blockquote class=\"wp-block-quote is-layout-flow wp-block-quote-is-layout-flow\"><p>&#8220;Tomei a decis\u00e3o de me tornar franqueado porque a RE\/MAX proporciona a melhor experi\u00eancia, n\u00e3o somente para a jornada do cliente, bem como para a jornada e performance da equipe. Traz em seu modelo a educa\u00e7\u00e3o corporativa continuada, capacita\u00e7\u00e3o constante de todos os profissionais, apontando tamb\u00e9m o melhor em estrat\u00e9gias de marketing. Al\u00e9m, disso, a companhia tem padr\u00f5es \u00e9ticos que geram tranquilidade e confian\u00e7a nas transa\u00e7\u00f5es imobili\u00e1rias. Ainda, a possibilidade de network internacional com grandes profissionais do mercado proporciona amplo conhecimento das melhores pr\u00e1ticas mundiais.&#8221;<br><strong>Ademilson Fran\u00e7a Santos Junior &#8211; Franqueado RE\/MAX Ilha<\/strong><\/p><\/blockquote>\n\n\n\n<h2 class=\"wp-block-heading\"><strong>OPERA\u00c7\u00c3O<\/strong><\/h2>\n\n\n\n<p>Com muita garra e determina\u00e7\u00e3o, o empres\u00e1rio acredita no trabalho \u00e1rduo, foco e empreendedorismo. Todos os agentes do time RE\/MAX Ilha est\u00e3o sempre em busca de qualifica\u00e7\u00e3o e inova\u00e7\u00e3o, com objetivo de revolucionar o mercado imobili\u00e1rio.<\/p>\n\n\n\n<p>Para eles, apresentar solu\u00e7\u00f5es inovadoras, superando as expectativas dos clientes, est\u00e1 na pauta di\u00e1ria das atividades.<\/p>\n\n\n\n<p>A ag\u00eancia atua com foco na cultura RE\/MAX: entregar o m\u00e1ximo servi\u00e7o imobili\u00e1rio por meio das melhores pr\u00e1ticas mundiais.<\/p>\n\n\n\n<p>A RE\/MAX Ilha trabalha com os melhores processos para precificar os im\u00f3veis e transacionar com total seguran\u00e7a e rapidez o patrim\u00f4nio imobili\u00e1rio de seus clientes \u2013 gest\u00e3o exclusiva, foco em regi\u00e3o de atua\u00e7\u00e3o, estudo comparativo de mercado para precifica\u00e7\u00e3o, planejamento de a\u00e7\u00f5es de marketing, acompanhamento do processo de venda, entrega de relat\u00f3rios e assessoria em toda a documenta\u00e7\u00e3o.<\/p>\n\n\n\n<blockquote class=\"wp-block-quote is-layout-flow wp-block-quote-is-layout-flow\"><p>&#8220;Empreender atrav\u00e9s da RE\/MAX foi uma escolha extremamente assertiva. Ter \u00e0 disposi\u00e7\u00e3o todo suporte da franquia, ferramentas exclusivas e tecnologias de ponta, colegas engajados e comprometidos no mesmo prop\u00f3sito de miss\u00e3o e valores, marca forte mundialmente consolidada e todos os diferenciais, garante o excelente andamento da opera\u00e7\u00e3o. Estamos diariamente superando as expectativas dos nossos clientes.&#8221;<br><strong>Ademilson Fran\u00e7a Santos Junior &#8211; Franqueado RE\/MAX Ilha<\/strong><\/p><\/blockquote>\n\n\n\n<figure class=\"wp-block-image size-large\"><img loading=\"lazy\" decoding=\"async\" width=\"1024\" height=\"701\" src=\"https:\/\/remaxba.com.br\/wp-content\/uploads\/2022\/09\/WhatsApp-Image-2022-09-27-at-11.35.10-1024x701.jpeg\" alt=\"\" class=\"wp-image-912\" srcset=\"https:\/\/remaxba.com.br\/wp-content\/uploads\/2022\/09\/WhatsApp-Image-2022-09-27-at-11.35.10-1024x701.jpeg 1024w, https:\/\/remaxba.com.br\/wp-content\/uploads\/2022\/09\/WhatsApp-Image-2022-09-27-at-11.35.10-980x671.jpeg 980w, https:\/\/remaxba.com.br\/wp-content\/uploads\/2022\/09\/WhatsApp-Image-2022-09-27-at-11.35.10-480x329.jpeg 480w\" sizes=\"(min-width: 0px) and (max-width: 480px) 480px, (min-width: 481px) and (max-width: 980px) 980px, (min-width: 981px) 1024px, 100vw\" \/><\/figure>\n\n\n\n<h2 class=\"wp-block-heading\"><strong>TODOS GANHAM<\/strong><\/h2>\n\n\n\n<p>Seguindo o modelo \u00e0 risca, logo em seu primeiro ano de opera\u00e7\u00e3o, a RE\/MAX Ilha atingiu resultados crescentes, aumentando consideravelmente o faturamento.<\/p>\n\n\n\n<p>Com o lema &#8220;todos ganham&#8221;, vem realizando o fechamento de parcerias estrat\u00e9gicas comerciais com todo o mercado.<\/p>\n\n\n\n<blockquote class=\"wp-block-quote is-layout-flow wp-block-quote-is-layout-flow\"><p>&#8220;Na verdade, acreditamos nesse conjunto de fatores (posicionamento, forma de trabalhar, foco de atua\u00e7\u00e3o) como parte de um sistema de sucesso. Esses componentes devem estar harm\u00f4nicos, potencializando uns aos outros.&#8221;<br><strong>Ademilson Fran\u00e7a Santos Junior &#8211; Franqueado RE\/MAX Ilha<\/strong><\/p><\/blockquote>\n\n\n\n<h2 class=\"wp-block-heading\"><strong>2022<\/strong><\/h2>\n\n\n\n<p>Para 2022, novos projetos e melhorias v\u00eam pela frente.<\/p>\n\n\n\n<p>A RE\/MAX Ilha segue investindo cada vez mais em inova\u00e7\u00e3o, tecnologia, ambiente, ferramentas e infraestrutura, para oferecer o melhor suporte ao time de corretores &#8211; estrelas do neg\u00f3cio. Um formato completo que engloba recrutamento, forma\u00e7\u00e3o, treinamento, acompanhamento e aperfei\u00e7oamento, com educa\u00e7\u00e3o corporativa continuada.<\/p>\n\n\n\n<p>Ademilson e time seguem com a miss\u00e3o de qualificar o mercado imobili\u00e1rio, contribuindo atrav\u00e9s da realiza\u00e7\u00e3o de sonhos de dezenas de clientes e excel\u00eancia no servi\u00e7o prestado.<\/p>\n\n\n\n<blockquote class=\"wp-block-quote is-layout-flow wp-block-quote-is-layout-flow\"><p>&#8220;A RE\/MAX Ilha est\u00e1 no momento inicial, entretanto, j\u00e1 celebrando crescimento em neg\u00f3cios e grandes conquistas. Estamos nos posicionando de maneira forte e relevante dentro do nosso territ\u00f3rio de atua\u00e7\u00e3o, apostando fortemente em recrutamento e treinamento, bem como vislumbrando novos empreendimentos e oportunidades de investimento. Estamos crescendo a passos gigantes. 2022 est\u00e1 sendo de fato um marco na virada de chave para nossa franquia. Agradecemos a todos por fazerem parte da nossa caminhada.&#8221;<br><strong>Ademilson Fran\u00e7a Santos Junior &#8211; Franqueado RE\/MAX Ilha<\/strong><\/p><\/blockquote>\n\n\n\n<p>Certamente um ano de muito sucesso, realiza\u00e7\u00f5es, conquistas e grandes oportunidades para clientes, parceiros e corretores.<\/p>\n\n\n\n<p><strong>SUCESSO RE\/MAX ILHA!<\/strong><\/p>\n\n\n\n<p><\/p>\n\n\n\n<figure class=\"wp-block-image size-large\"><img loading=\"lazy\" decoding=\"async\" width=\"1024\" height=\"399\" src=\"https:\/\/remaxba.com.br\/wp-content\/uploads\/2022\/09\/banner-1024x399.jpg\" alt=\"\" class=\"wp-image-915\" srcset=\"https:\/\/remaxba.com.br\/wp-content\/uploads\/2022\/09\/banner-980x382.jpg 980w, https:\/\/remaxba.com.br\/wp-content\/uploads\/2022\/09\/banner-480x187.jpg 480w\" sizes=\"(min-width: 0px) and (max-width: 480px) 480px, (min-width: 481px) and (max-width: 980px) 980px, (min-width: 981px) 1024px, 100vw\" \/><\/figure>\n","protected":false},"excerpt":{"rendered":"<p>Desde 2021, a cidade de Vera Cruz &#8211; Bahia, conta com uma incr\u00edvel unidade da maior rede de imobili\u00e1rias do mundo, a RE\/MAX. A AF SOLU\u00c7\u00d5ES IMOBILI\u00c1RIAS passou pelo processo de convers\u00e3o e assina com maestria seu nome no mercado como RE\/MAX ILHA. \u00c0 frente da opera\u00e7\u00e3o est\u00e1 o empres\u00e1rio Ademilson Fran\u00e7a Santos Junior.<\/p>\n","protected":false},"author":1,"featured_media":912,"comment_status":"open","ping_status":"open","sticky":false,"template":"","format":"standard","meta":{"_et_pb_use_builder":"","_et_pb_old_content":"","_et_gb_content_width":"","inline_featured_image":false,"footnotes":""},"categories":[1],"tags":[],"class_list":["post-910","post","type-post","status-publish","format-standard","has-post-thumbnail","hentry","category-uncategorized"],"yoast_head":"<!-- This site is optimized with the Yoast SEO plugin v27.5 - https:\/\/yoast.com\/product\/yoast-seo-wordpress\/ -->\n<title>CONHE\u00c7A A RE\/MAX ILHA, LOJA FRANQUEADA RE\/MAX REGIONAL GRUPO BAHIA - RE\/MAX BA<\/title>\n<meta name=\"robots\" content=\"index, follow, max-snippet:-1, max-image-preview:large, max-video-preview:-1\" \/>\n<link rel=\"canonical\" href=\"https:\/\/remaxba.com.br\/index.php\/2022\/09\/16\/conheca-a-re-max-ilha-loja-franqueada-re-max-regional-grupo-bahia\/\" \/>\n<meta property=\"og:locale\" content=\"pt_BR\" \/>\n<meta property=\"og:type\" content=\"article\" \/>\n<meta property=\"og:title\" content=\"CONHE\u00c7A A RE\/MAX ILHA, LOJA FRANQUEADA RE\/MAX REGIONAL GRUPO BAHIA - RE\/MAX BA\" \/>\n<meta property=\"og:description\" content=\"Desde 2021, a cidade de Vera Cruz - Bahia, conta com uma incr\u00edvel unidade da maior rede de imobili\u00e1rias do mundo, a RE\/MAX. A AF SOLU\u00c7\u00d5ES IMOBILI\u00c1RIAS passou pelo processo de convers\u00e3o e assina com maestria seu nome no mercado como RE\/MAX ILHA. \u00c0 frente da opera\u00e7\u00e3o est\u00e1 o empres\u00e1rio Ademilson Fran\u00e7a Santos Junior.\" \/>\n<meta property=\"og:url\" content=\"https:\/\/remaxba.com.br\/index.php\/2022\/09\/16\/conheca-a-re-max-ilha-loja-franqueada-re-max-regional-grupo-bahia\/\" \/>\n<meta property=\"og:site_name\" content=\"RE\/MAX BA\" \/>\n<meta property=\"article:published_time\" content=\"2022-09-16T23:48:15+00:00\" \/>\n<meta property=\"article:modified_time\" content=\"2022-09-30T11:47:28+00:00\" \/>\n<meta property=\"og:image\" content=\"https:\/\/remaxba.com.br\/wp-content\/uploads\/2022\/09\/WhatsApp-Image-2022-09-27-at-11.35.10.jpeg\" \/>\n\t<meta property=\"og:image:width\" content=\"1280\" \/>\n\t<meta property=\"og:image:height\" content=\"876\" \/>\n\t<meta property=\"og:image:type\" content=\"image\/jpeg\" \/>\n<meta name=\"author\" content=\"admin\" \/>\n<meta name=\"twitter:card\" content=\"summary_large_image\" \/>\n<meta name=\"twitter:label1\" content=\"Escrito por\" \/>\n\t<meta name=\"twitter:data1\" content=\"admin\" \/>\n\t<meta name=\"twitter:label2\" content=\"Est. tempo de leitura\" \/>\n\t<meta name=\"twitter:data2\" content=\"5 minutos\" \/>\n<script type=\"application\/ld+json\" class=\"yoast-schema-graph\">{\"@context\":\"https:\\\/\\\/schema.org\",\"@graph\":[{\"@type\":\"Article\",\"@id\":\"https:\\\/\\\/remaxba.com.br\\\/index.php\\\/2022\\\/09\\\/16\\\/conheca-a-re-max-ilha-loja-franqueada-re-max-regional-grupo-bahia\\\/#article\",\"isPartOf\":{\"@id\":\"https:\\\/\\\/remaxba.com.br\\\/index.php\\\/2022\\\/09\\\/16\\\/conheca-a-re-max-ilha-loja-franqueada-re-max-regional-grupo-bahia\\\/\"},\"author\":{\"name\":\"admin\",\"@id\":\"https:\\\/\\\/remaxba.com.br\\\/#\\\/schema\\\/person\\\/b255d3fb92692e52ab905369f0c2dfb0\"},\"headline\":\"CONHE\u00c7A A RE\\\/MAX ILHA, LOJA FRANQUEADA RE\\\/MAX REGIONAL GRUPO BAHIA\",\"datePublished\":\"2022-09-16T23:48:15+00:00\",\"dateModified\":\"2022-09-30T11:47:28+00:00\",\"mainEntityOfPage\":{\"@id\":\"https:\\\/\\\/remaxba.com.br\\\/index.php\\\/2022\\\/09\\\/16\\\/conheca-a-re-max-ilha-loja-franqueada-re-max-regional-grupo-bahia\\\/\"},\"wordCount\":904,\"commentCount\":0,\"image\":{\"@id\":\"https:\\\/\\\/remaxba.com.br\\\/index.php\\\/2022\\\/09\\\/16\\\/conheca-a-re-max-ilha-loja-franqueada-re-max-regional-grupo-bahia\\\/#primaryimage\"},\"thumbnailUrl\":\"https:\\\/\\\/remaxba.com.br\\\/wp-content\\\/uploads\\\/2022\\\/09\\\/WhatsApp-Image-2022-09-27-at-11.35.10.jpeg\",\"articleSection\":[\"Uncategorized\"],\"inLanguage\":\"pt-BR\",\"potentialAction\":[{\"@type\":\"CommentAction\",\"name\":\"Comment\",\"target\":[\"https:\\\/\\\/remaxba.com.br\\\/index.php\\\/2022\\\/09\\\/16\\\/conheca-a-re-max-ilha-loja-franqueada-re-max-regional-grupo-bahia\\\/#respond\"]}]},{\"@type\":\"WebPage\",\"@id\":\"https:\\\/\\\/remaxba.com.br\\\/index.php\\\/2022\\\/09\\\/16\\\/conheca-a-re-max-ilha-loja-franqueada-re-max-regional-grupo-bahia\\\/\",\"url\":\"https:\\\/\\\/remaxba.com.br\\\/index.php\\\/2022\\\/09\\\/16\\\/conheca-a-re-max-ilha-loja-franqueada-re-max-regional-grupo-bahia\\\/\",\"name\":\"CONHE\u00c7A A RE\\\/MAX ILHA, LOJA FRANQUEADA RE\\\/MAX REGIONAL GRUPO BAHIA - RE\\\/MAX BA\",\"isPartOf\":{\"@id\":\"https:\\\/\\\/remaxba.com.br\\\/#website\"},\"primaryImageOfPage\":{\"@id\":\"https:\\\/\\\/remaxba.com.br\\\/index.php\\\/2022\\\/09\\\/16\\\/conheca-a-re-max-ilha-loja-franqueada-re-max-regional-grupo-bahia\\\/#primaryimage\"},\"image\":{\"@id\":\"https:\\\/\\\/remaxba.com.br\\\/index.php\\\/2022\\\/09\\\/16\\\/conheca-a-re-max-ilha-loja-franqueada-re-max-regional-grupo-bahia\\\/#primaryimage\"},\"thumbnailUrl\":\"https:\\\/\\\/remaxba.com.br\\\/wp-content\\\/uploads\\\/2022\\\/09\\\/WhatsApp-Image-2022-09-27-at-11.35.10.jpeg\",\"datePublished\":\"2022-09-16T23:48:15+00:00\",\"dateModified\":\"2022-09-30T11:47:28+00:00\",\"author\":{\"@id\":\"https:\\\/\\\/remaxba.com.br\\\/#\\\/schema\\\/person\\\/b255d3fb92692e52ab905369f0c2dfb0\"},\"breadcrumb\":{\"@id\":\"https:\\\/\\\/remaxba.com.br\\\/index.php\\\/2022\\\/09\\\/16\\\/conheca-a-re-max-ilha-loja-franqueada-re-max-regional-grupo-bahia\\\/#breadcrumb\"},\"inLanguage\":\"pt-BR\",\"potentialAction\":[{\"@type\":\"ReadAction\",\"target\":[\"https:\\\/\\\/remaxba.com.br\\\/index.php\\\/2022\\\/09\\\/16\\\/conheca-a-re-max-ilha-loja-franqueada-re-max-regional-grupo-bahia\\\/\"]}]},{\"@type\":\"ImageObject\",\"inLanguage\":\"pt-BR\",\"@id\":\"https:\\\/\\\/remaxba.com.br\\\/index.php\\\/2022\\\/09\\\/16\\\/conheca-a-re-max-ilha-loja-franqueada-re-max-regional-grupo-bahia\\\/#primaryimage\",\"url\":\"https:\\\/\\\/remaxba.com.br\\\/wp-content\\\/uploads\\\/2022\\\/09\\\/WhatsApp-Image-2022-09-27-at-11.35.10.jpeg\",\"contentUrl\":\"https:\\\/\\\/remaxba.com.br\\\/wp-content\\\/uploads\\\/2022\\\/09\\\/WhatsApp-Image-2022-09-27-at-11.35.10.jpeg\",\"width\":1280,\"height\":876},{\"@type\":\"BreadcrumbList\",\"@id\":\"https:\\\/\\\/remaxba.com.br\\\/index.php\\\/2022\\\/09\\\/16\\\/conheca-a-re-max-ilha-loja-franqueada-re-max-regional-grupo-bahia\\\/#breadcrumb\",\"itemListElement\":[{\"@type\":\"ListItem\",\"position\":1,\"name\":\"In\u00edcio\",\"item\":\"https:\\\/\\\/remaxba.com.br\\\/\"},{\"@type\":\"ListItem\",\"position\":2,\"name\":\"CONHE\u00c7A A RE\\\/MAX ILHA, LOJA FRANQUEADA RE\\\/MAX REGIONAL GRUPO BAHIA\"}]},{\"@type\":\"WebSite\",\"@id\":\"https:\\\/\\\/remaxba.com.br\\\/#website\",\"url\":\"https:\\\/\\\/remaxba.com.br\\\/\",\"name\":\"RE\\\/MAX BA\",\"description\":\"\",\"potentialAction\":[{\"@type\":\"SearchAction\",\"target\":{\"@type\":\"EntryPoint\",\"urlTemplate\":\"https:\\\/\\\/remaxba.com.br\\\/?s={search_term_string}\"},\"query-input\":{\"@type\":\"PropertyValueSpecification\",\"valueRequired\":true,\"valueName\":\"search_term_string\"}}],\"inLanguage\":\"pt-BR\"},{\"@type\":\"Person\",\"@id\":\"https:\\\/\\\/remaxba.com.br\\\/#\\\/schema\\\/person\\\/b255d3fb92692e52ab905369f0c2dfb0\",\"name\":\"admin\",\"image\":{\"@type\":\"ImageObject\",\"inLanguage\":\"pt-BR\",\"@id\":\"https:\\\/\\\/secure.gravatar.com\\\/avatar\\\/5020d0d7d8f76d564a9cdeef6d96a35d93fb243f6fdfa63712f4f538b95f10e5?s=96&d=mm&r=g\",\"url\":\"https:\\\/\\\/secure.gravatar.com\\\/avatar\\\/5020d0d7d8f76d564a9cdeef6d96a35d93fb243f6fdfa63712f4f538b95f10e5?s=96&d=mm&r=g\",\"contentUrl\":\"https:\\\/\\\/secure.gravatar.com\\\/avatar\\\/5020d0d7d8f76d564a9cdeef6d96a35d93fb243f6fdfa63712f4f538b95f10e5?s=96&d=mm&r=g\",\"caption\":\"admin\"},\"sameAs\":[\"https:\\\/\\\/remaxba.com.br\"],\"url\":\"https:\\\/\\\/remaxba.com.br\\\/index.php\\\/author\\\/remaxba\\\/\"}]}<\/script>\n<!-- \/ Yoast SEO plugin. -->","yoast_head_json":{"title":"CONHE\u00c7A A RE\/MAX ILHA, LOJA FRANQUEADA RE\/MAX REGIONAL GRUPO BAHIA - RE\/MAX BA","robots":{"index":"index","follow":"follow","max-snippet":"max-snippet:-1","max-image-preview":"max-image-preview:large","max-video-preview":"max-video-preview:-1"},"canonical":"https:\/\/remaxba.com.br\/index.php\/2022\/09\/16\/conheca-a-re-max-ilha-loja-franqueada-re-max-regional-grupo-bahia\/","og_locale":"pt_BR","og_type":"article","og_title":"CONHE\u00c7A A RE\/MAX ILHA, LOJA FRANQUEADA RE\/MAX REGIONAL GRUPO BAHIA - RE\/MAX BA","og_description":"Desde 2021, a cidade de Vera Cruz - Bahia, conta com uma incr\u00edvel unidade da maior rede de imobili\u00e1rias do mundo, a RE\/MAX. A AF SOLU\u00c7\u00d5ES IMOBILI\u00c1RIAS passou pelo processo de convers\u00e3o e assina com maestria seu nome no mercado como RE\/MAX ILHA. \u00c0 frente da opera\u00e7\u00e3o est\u00e1 o empres\u00e1rio Ademilson Fran\u00e7a Santos Junior.","og_url":"https:\/\/remaxba.com.br\/index.php\/2022\/09\/16\/conheca-a-re-max-ilha-loja-franqueada-re-max-regional-grupo-bahia\/","og_site_name":"RE\/MAX BA","article_published_time":"2022-09-16T23:48:15+00:00","article_modified_time":"2022-09-30T11:47:28+00:00","og_image":[{"width":1280,"height":876,"url":"https:\/\/remaxba.com.br\/wp-content\/uploads\/2022\/09\/WhatsApp-Image-2022-09-27-at-11.35.10.jpeg","type":"image\/jpeg"}],"author":"admin","twitter_card":"summary_large_image","twitter_misc":{"Escrito por":"admin","Est. tempo de leitura":"5 minutos"},"schema":{"@context":"https:\/\/schema.org","@graph":[{"@type":"Article","@id":"https:\/\/remaxba.com.br\/index.php\/2022\/09\/16\/conheca-a-re-max-ilha-loja-franqueada-re-max-regional-grupo-bahia\/#article","isPartOf":{"@id":"https:\/\/remaxba.com.br\/index.php\/2022\/09\/16\/conheca-a-re-max-ilha-loja-franqueada-re-max-regional-grupo-bahia\/"},"author":{"name":"admin","@id":"https:\/\/remaxba.com.br\/#\/schema\/person\/b255d3fb92692e52ab905369f0c2dfb0"},"headline":"CONHE\u00c7A A RE\/MAX ILHA, LOJA FRANQUEADA RE\/MAX REGIONAL GRUPO BAHIA","datePublished":"2022-09-16T23:48:15+00:00","dateModified":"2022-09-30T11:47:28+00:00","mainEntityOfPage":{"@id":"https:\/\/remaxba.com.br\/index.php\/2022\/09\/16\/conheca-a-re-max-ilha-loja-franqueada-re-max-regional-grupo-bahia\/"},"wordCount":904,"commentCount":0,"image":{"@id":"https:\/\/remaxba.com.br\/index.php\/2022\/09\/16\/conheca-a-re-max-ilha-loja-franqueada-re-max-regional-grupo-bahia\/#primaryimage"},"thumbnailUrl":"https:\/\/remaxba.com.br\/wp-content\/uploads\/2022\/09\/WhatsApp-Image-2022-09-27-at-11.35.10.jpeg","articleSection":["Uncategorized"],"inLanguage":"pt-BR","potentialAction":[{"@type":"CommentAction","name":"Comment","target":["https:\/\/remaxba.com.br\/index.php\/2022\/09\/16\/conheca-a-re-max-ilha-loja-franqueada-re-max-regional-grupo-bahia\/#respond"]}]},{"@type":"WebPage","@id":"https:\/\/remaxba.com.br\/index.php\/2022\/09\/16\/conheca-a-re-max-ilha-loja-franqueada-re-max-regional-grupo-bahia\/","url":"https:\/\/remaxba.com.br\/index.php\/2022\/09\/16\/conheca-a-re-max-ilha-loja-franqueada-re-max-regional-grupo-bahia\/","name":"CONHE\u00c7A A RE\/MAX ILHA, LOJA FRANQUEADA RE\/MAX REGIONAL GRUPO BAHIA - RE\/MAX BA","isPartOf":{"@id":"https:\/\/remaxba.com.br\/#website"},"primaryImageOfPage":{"@id":"https:\/\/remaxba.com.br\/index.php\/2022\/09\/16\/conheca-a-re-max-ilha-loja-franqueada-re-max-regional-grupo-bahia\/#primaryimage"},"image":{"@id":"https:\/\/remaxba.com.br\/index.php\/2022\/09\/16\/conheca-a-re-max-ilha-loja-franqueada-re-max-regional-grupo-bahia\/#primaryimage"},"thumbnailUrl":"https:\/\/remaxba.com.br\/wp-content\/uploads\/2022\/09\/WhatsApp-Image-2022-09-27-at-11.35.10.jpeg","datePublished":"2022-09-16T23:48:15+00:00","dateModified":"2022-09-30T11:47:28+00:00","author":{"@id":"https:\/\/remaxba.com.br\/#\/schema\/person\/b255d3fb92692e52ab905369f0c2dfb0"},"breadcrumb":{"@id":"https:\/\/remaxba.com.br\/index.php\/2022\/09\/16\/conheca-a-re-max-ilha-loja-franqueada-re-max-regional-grupo-bahia\/#breadcrumb"},"inLanguage":"pt-BR","potentialAction":[{"@type":"ReadAction","target":["https:\/\/remaxba.com.br\/index.php\/2022\/09\/16\/conheca-a-re-max-ilha-loja-franqueada-re-max-regional-grupo-bahia\/"]}]},{"@type":"ImageObject","inLanguage":"pt-BR","@id":"https:\/\/remaxba.com.br\/index.php\/2022\/09\/16\/conheca-a-re-max-ilha-loja-franqueada-re-max-regional-grupo-bahia\/#primaryimage","url":"https:\/\/remaxba.com.br\/wp-content\/uploads\/2022\/09\/WhatsApp-Image-2022-09-27-at-11.35.10.jpeg","contentUrl":"https:\/\/remaxba.com.br\/wp-content\/uploads\/2022\/09\/WhatsApp-Image-2022-09-27-at-11.35.10.jpeg","width":1280,"height":876},{"@type":"BreadcrumbList","@id":"https:\/\/remaxba.com.br\/index.php\/2022\/09\/16\/conheca-a-re-max-ilha-loja-franqueada-re-max-regional-grupo-bahia\/#breadcrumb","itemListElement":[{"@type":"ListItem","position":1,"name":"In\u00edcio","item":"https:\/\/remaxba.com.br\/"},{"@type":"ListItem","position":2,"name":"CONHE\u00c7A A RE\/MAX ILHA, LOJA FRANQUEADA RE\/MAX REGIONAL GRUPO BAHIA"}]},{"@type":"WebSite","@id":"https:\/\/remaxba.com.br\/#website","url":"https:\/\/remaxba.com.br\/","name":"RE\/MAX BA","description":"","potentialAction":[{"@type":"SearchAction","target":{"@type":"EntryPoint","urlTemplate":"https:\/\/remaxba.com.br\/?s={search_term_string}"},"query-input":{"@type":"PropertyValueSpecification","valueRequired":true,"valueName":"search_term_string"}}],"inLanguage":"pt-BR"},{"@type":"Person","@id":"https:\/\/remaxba.com.br\/#\/schema\/person\/b255d3fb92692e52ab905369f0c2dfb0","name":"admin","image":{"@type":"ImageObject","inLanguage":"pt-BR","@id":"https:\/\/secure.gravatar.com\/avatar\/5020d0d7d8f76d564a9cdeef6d96a35d93fb243f6fdfa63712f4f538b95f10e5?s=96&d=mm&r=g","url":"https:\/\/secure.gravatar.com\/avatar\/5020d0d7d8f76d564a9cdeef6d96a35d93fb243f6fdfa63712f4f538b95f10e5?s=96&d=mm&r=g","contentUrl":"https:\/\/secure.gravatar.com\/avatar\/5020d0d7d8f76d564a9cdeef6d96a35d93fb243f6fdfa63712f4f538b95f10e5?s=96&d=mm&r=g","caption":"admin"},"sameAs":["https:\/\/remaxba.com.br"],"url":"https:\/\/remaxba.com.br\/index.php\/author\/remaxba\/"}]}},"_links":{"self":[{"href":"https:\/\/remaxba.com.br\/index.php\/wp-json\/wp\/v2\/posts\/910","targetHints":{"allow":["GET"]}}],"collection":[{"href":"https:\/\/remaxba.com.br\/index.php\/wp-json\/wp\/v2\/posts"}],"about":[{"href":"https:\/\/remaxba.com.br\/index.php\/wp-json\/wp\/v2\/types\/post"}],"author":[{"embeddable":true,"href":"https:\/\/remaxba.com.br\/index.php\/wp-json\/wp\/v2\/users\/1"}],"replies":[{"embeddable":true,"href":"https:\/\/remaxba.com.br\/index.php\/wp-json\/wp\/v2\/comments?post=910"}],"version-history":[{"count":4,"href":"https:\/\/remaxba.com.br\/index.php\/wp-json\/wp\/v2\/posts\/910\/revisions"}],"predecessor-version":[{"id":917,"href":"https:\/\/remaxba.com.br\/index.php\/wp-json\/wp\/v2\/posts\/910\/revisions\/917"}],"wp:featuredmedia":[{"embeddable":true,"href":"https:\/\/remaxba.com.br\/index.php\/wp-json\/wp\/v2\/media\/912"}],"wp:attachment":[{"href":"https:\/\/remaxba.com.br\/index.php\/wp-json\/wp\/v2\/media?parent=910"}],"wp:term":[{"taxonomy":"category","embeddable":true,"href":"https:\/\/remaxba.com.br\/index.php\/wp-json\/wp\/v2\/categories?post=910"},{"taxonomy":"post_tag","embeddable":true,"href":"https:\/\/remaxba.com.br\/index.php\/wp-json\/wp\/v2\/tags?post=910"}],"curies":[{"name":"wp","href":"https:\/\/api.w.org\/{rel}","templated":true}]}}