{"id":898,"date":"2022-09-23T22:02:58","date_gmt":"2022-09-23T22:02:58","guid":{"rendered":"https:\/\/remaxba.com.br\/?p=898"},"modified":"2022-09-23T22:18:22","modified_gmt":"2022-09-23T22:18:22","slug":"diretoria-re-max-regional-grupo-bahia-participa-do-conecta-imobi-2022-o-maior-e-principal-evento-do-mercado-imobiliario-da-america-latina-e-do-pais","status":"publish","type":"post","link":"https:\/\/remaxba.com.br\/index.php\/2022\/09\/23\/diretoria-re-max-regional-grupo-bahia-participa-do-conecta-imobi-2022-o-maior-e-principal-evento-do-mercado-imobiliario-da-america-latina-e-do-pais\/","title":{"rendered":"Diretoria RE\/MAX Regional Grupo Bahia participa do Conecta Imobi 2022, o maior e principal evento do mercado imobili\u00e1rio da Am\u00e9rica Latina e do pa\u00eds"},"content":{"rendered":"\n<p>Semana espetacular de experi\u00eancias, trocas e conex\u00f5es.<\/p>\n\n\n\n<p>A Diretoria RE\/MAX Regional Grupo Bahia participou do Conecta Imobi 2022, o maior e principal evento do mercado imobili\u00e1rio da Am\u00e9rica Latina e do pa\u00eds.<\/p>\n\n\n\n<p>Realizado nos dias 21 e 22 de setembro, no Expo Transam\u00e9rica, localizado em S\u00e3o Paulo, o encontro &#8211; de volta ao formato presencial ap\u00f3s dois anos sendo realizado no formato on-line, recebeu mais de 5 mil pessoas para discutir as tend\u00eancias do setor.<\/p>\n\n\n\n<p>Um evento de dois dias fant\u00e1sticos, feito pelo mercado, para o mercado, para motivar, conectar e transformar pessoas, reunindo em um \u00fanico lugar os principais players do mercado, parceiros inovadores, associa\u00e7\u00f5es, influenciadores, imobili\u00e1rias, incorporadoras, corretores de im\u00f3veis, startups e profissionais do setor.<\/p>\n\n\n\n<p>Em um espa\u00e7o de mais de 19.000m\u00b2, foco em tr\u00eas pilares:<\/p>\n\n\n\n<p><strong>CONTE\u00daDO E CAPACITA\u00c7\u00c3O<\/strong>: com assuntos relevantes e muita troca em diversos formatos &#8211; a miss\u00e3o do&nbsp;Ecossistema Conecta Imobi \u00e9 transformar o mercado&nbsp;por meio da&nbsp;educa\u00e7\u00e3o das pessoas.<\/p>\n\n\n\n<p><strong>NETWORKING:<\/strong> foco em gera\u00e7\u00e3o de neg\u00f3cios e parcerias.<\/p>\n\n\n\n<p><strong>EXPERI\u00caNCIA:<\/strong> compartilhando tend\u00eancias e inova\u00e7\u00e3o&nbsp;para os participantes chegarem mais longe.<\/p>\n\n\n\n<p><\/p>\n\n\n\n<figure class=\"wp-block-image size-full\"><img loading=\"lazy\" decoding=\"async\" width=\"1024\" height=\"500\" src=\"https:\/\/remaxba.com.br\/wp-content\/uploads\/2022\/09\/Conecta-Imobi-2019-1.jpg\" alt=\"\" class=\"wp-image-899\" srcset=\"https:\/\/remaxba.com.br\/wp-content\/uploads\/2022\/09\/Conecta-Imobi-2019-1.jpg 1024w, https:\/\/remaxba.com.br\/wp-content\/uploads\/2022\/09\/Conecta-Imobi-2019-1-980x479.jpg 980w, https:\/\/remaxba.com.br\/wp-content\/uploads\/2022\/09\/Conecta-Imobi-2019-1-480x234.jpg 480w\" sizes=\"(min-width: 0px) and (max-width: 480px) 480px, (min-width: 481px) and (max-width: 980px) 980px, (min-width: 981px) 1024px, 100vw\" \/><\/figure>\n\n\n\n<h2 class=\"wp-block-heading\"><strong>PALESTRAS<\/strong><\/h2>\n\n\n\n<p>A edi\u00e7\u00e3o deste ano trouxe importantes debates de temas relacionados ao mercado imobili\u00e1rio. Uma programa\u00e7\u00e3o completa com mais de 160 palestrantes, subdividida em categorias &#8211; Conecta Stage, Plen\u00e1ria Tend\u00eancias, Plen\u00e1ria Neg\u00f3cios, Plen\u00e1ria Conectividade e Plen\u00e1ria Conecta Academy.<\/p>\n\n\n\n<p>A 9\u00aa Edi\u00e7\u00e3o do Conecta Imobi trouxe em sua composi\u00e7\u00e3o um palco principal e tr\u00eas plen\u00e1rias com&nbsp;programa\u00e7\u00e3o intensa&nbsp;o dia todo. Dentre as brilhantes palestras, destaque para <strong>COMO EXPONENCIAR SEU NEG\u00d3CIO POR MEIO DE FRANQUIAS IMOBILI\u00c1RIAS?<\/strong>, com Peixoto Accyoli &#8211; presidente e CEO da RE\/MAX no Brasil, Jos\u00e9 Roberto Federighi, Matheus Kurtz e Cristianne Alves.<\/p>\n\n\n\n<figure class=\"wp-block-image size-large\"><img loading=\"lazy\" decoding=\"async\" width=\"1024\" height=\"768\" src=\"https:\/\/remaxba.com.br\/wp-content\/uploads\/2022\/09\/308118528_612758227101129_591355515146949118_n-1024x768.jpg\" alt=\"\" class=\"wp-image-900\" srcset=\"https:\/\/remaxba.com.br\/wp-content\/uploads\/2022\/09\/308118528_612758227101129_591355515146949118_n-1024x768.jpg 1024w, https:\/\/remaxba.com.br\/wp-content\/uploads\/2022\/09\/308118528_612758227101129_591355515146949118_n-980x735.jpg 980w, https:\/\/remaxba.com.br\/wp-content\/uploads\/2022\/09\/308118528_612758227101129_591355515146949118_n-480x360.jpg 480w\" sizes=\"(min-width: 0px) and (max-width: 480px) 480px, (min-width: 481px) and (max-width: 980px) 980px, (min-width: 981px) 1024px, 100vw\" \/><\/figure>\n\n\n\n<p>Igualmente, outros temas de relev\u00e2ncia, dentre os quais:<\/p>\n\n\n\n<ul class=\"wp-block-list\"><li>Tend\u00eancias para 2023: um olhar para o futuro<\/li><li>O novo marketing imobili\u00e1rio<\/li><li>Neg\u00f3cios em transforma\u00e7\u00e3o: evoluir para prosperar<\/li><li>Muito al\u00e9m de abrir portas: o papel do corretor de im\u00f3veis na atualidade<\/li><li>Panorama do mercado brasileiro e as expectativas para 2023<\/li><li>Redes e associa\u00e7\u00f5es: como o trabalho colaborativo pode mudar radicalmente seus neg\u00f3cios<\/li><li>Clientes no centro: voc\u00ea sabe qual \u00e9 o seu?<\/li><li>\u00c9 tudo sobre pessoas: por que investir na gest\u00e3o do seu time?<\/li><li>O pr\u00f3ximo ciclo global de inova\u00e7\u00e3o<\/li><li>Parceria que empodera: Solu\u00e7\u00f5es que adicionam intelig\u00eancia e inova\u00e7\u00e3o no seu neg\u00f3cio<\/li><li>E se a Disney fosse uma imobili\u00e1ria? Li\u00e7\u00f5es sobre encantamento para o mercado imobili\u00e1rio<\/li><li>Precifica\u00e7\u00e3o de im\u00f3veis no Brasil: um olhar voltado a dados<\/li><li>Os 9 principais atributos do corretor de alto padr\u00e3o<\/li><li>As imobili\u00e1rias do futuro e a import\u00e2ncia do trabalho em rede<\/li><li>Intelig\u00eancia artificial e suas aplica\u00e7\u00f5es no mercado imobili\u00e1rio<\/li><li>Como os pilares Tecnologia, Processos e Pessoas impactam diretamente na experi\u00eancia do cliente?<\/li><li>Como fazer bons an\u00fancios no mercado imobili\u00e1rio<\/li><\/ul>\n\n\n\n<h2 class=\"wp-block-heading\"><strong>RE\/MAX REGIONAL GRUPO BAHIA<\/strong><\/h2>\n\n\n\n<p>Entre os participantes, a grande fam\u00edlia RE\/MAX Brasil &#8211; hoje com 564 ag\u00eancias no pa\u00eds e 8000 profissionais na for\u00e7a de vendas, marcou forte presen\u00e7a, com <strong>comitiva formada pela diretoria RE\/MAX Regional Grupo Bahia e empres\u00e1rios franqueados da regi\u00e3o<\/strong>, que conferiram de perto as novidades entre as mais de 20 horas de conte\u00fado em palestras simult\u00e2neas.<\/p>\n\n\n\n<blockquote class=\"wp-block-quote is-layout-flow wp-block-quote-is-layout-flow\"><p>&#8220;Sensacional participar do Conecta Imobi, maior evento do mercado imobili\u00e1rio da Am\u00e9rica Latina. Uma&nbsp; maratona fant\u00e1stica de conhecimento, conte\u00fados de ponta, capacita\u00e7\u00e3o, networking e imers\u00e3o na experi\u00eancia imobili\u00e1ria. N\u00f3s da RE\/MAX Regional Grupo Bahia acreditamos veementemente na transforma\u00e7\u00e3o do mercado imobili\u00e1rio atrav\u00e9s do desenvolvimento das pessoas, bem como na gera\u00e7\u00e3o de neg\u00f3cios e parcerias, compartilhamento de tend\u00eancias e inova\u00e7\u00e3o.&#8221;<br><strong>Kerley Reis &#8211; Master Franqueado Regional Grupo Bahia<\/strong><\/p><\/blockquote>\n\n\n\n<figure class=\"wp-block-image size-large\"><img loading=\"lazy\" decoding=\"async\" width=\"768\" height=\"1024\" src=\"https:\/\/remaxba.com.br\/wp-content\/uploads\/2022\/09\/WhatsApp-Image-2022-09-23-at-18.21.19-768x1024.jpeg\" alt=\"\" class=\"wp-image-902\"\/><\/figure>\n\n\n\n<p><\/p>\n\n\n\n<p>Com tantas tecnologias e novidades, se manter atualizado \u00e9 mais que um desafio di\u00e1rio, \u00e9 uma necessidade. Eventos como o Conecta Imobi proporcionam dias de imers\u00e3o e muito aprendizado. Al\u00e9m do conhecimento obtido nas palestras, os participantes tamb\u00e9m t\u00eam a oportunidade de fazer&nbsp;networking com outros profissionais&nbsp;e colegas de mercado para troca de experi\u00eancia e poss\u00edveis neg\u00f3cios.<\/p>\n\n\n\n<p>Uma experi\u00eancia que trouxe o que h\u00e1 de mais inovador no segmento imobili\u00e1rio, destacando os principais assuntos do mercado de forma din\u00e2mica.<\/p>\n\n\n\n<p><strong>A RE\/MAX Regional Grupo Bahia parabeniza os organizadores&nbsp;do evento &#8211; uma feira de neg\u00f3cios e network de grande sucesso, que impacta na transforma\u00e7\u00e3o de vida dos profissionais e empresas do setor que estiverem presentes.<\/strong><\/p>\n\n\n\n<p><\/p>\n\n\n\n<figure class=\"wp-block-image size-full\"><img loading=\"lazy\" decoding=\"async\" width=\"799\" height=\"533\" src=\"https:\/\/remaxba.com.br\/wp-content\/uploads\/2022\/09\/0.jpg\" alt=\"\" class=\"wp-image-903\" srcset=\"https:\/\/remaxba.com.br\/wp-content\/uploads\/2022\/09\/0.jpg 799w, https:\/\/remaxba.com.br\/wp-content\/uploads\/2022\/09\/0-480x320.jpg 480w\" sizes=\"(min-width: 0px) and (max-width: 480px) 480px, (min-width: 481px) 799px, 100vw\" \/><\/figure>\n","protected":false},"excerpt":{"rendered":"<p>Semana espetacular de experi\u00eancias, trocas e conex\u00f5es. A Diretoria RE\/MAX Regional Grupo Bahia participou do Conecta Imobi 2022, o maior e principal evento do mercado imobili\u00e1rio da Am\u00e9rica Latina e do pa\u00eds. <\/p>\n","protected":false},"author":1,"featured_media":905,"comment_status":"open","ping_status":"open","sticky":false,"template":"","format":"standard","meta":{"_et_pb_use_builder":"","_et_pb_old_content":"","_et_gb_content_width":"","inline_featured_image":false,"footnotes":""},"categories":[1],"tags":[],"class_list":["post-898","post","type-post","status-publish","format-standard","has-post-thumbnail","hentry","category-uncategorized"],"yoast_head":"<!-- This site is optimized with the Yoast SEO plugin v27.5 - https:\/\/yoast.com\/product\/yoast-seo-wordpress\/ -->\n<title>Diretoria RE\/MAX Regional Grupo Bahia participa do Conecta Imobi 2022, o maior e principal evento do mercado imobili\u00e1rio da Am\u00e9rica Latina e do pa\u00eds - RE\/MAX BA<\/title>\n<meta name=\"robots\" content=\"index, follow, max-snippet:-1, max-image-preview:large, max-video-preview:-1\" \/>\n<link rel=\"canonical\" href=\"https:\/\/remaxba.com.br\/index.php\/2022\/09\/23\/diretoria-re-max-regional-grupo-bahia-participa-do-conecta-imobi-2022-o-maior-e-principal-evento-do-mercado-imobiliario-da-america-latina-e-do-pais\/\" \/>\n<meta property=\"og:locale\" content=\"pt_BR\" \/>\n<meta property=\"og:type\" content=\"article\" \/>\n<meta property=\"og:title\" content=\"Diretoria RE\/MAX Regional Grupo Bahia participa do Conecta Imobi 2022, o maior e principal evento do mercado imobili\u00e1rio da Am\u00e9rica Latina e do pa\u00eds - RE\/MAX BA\" \/>\n<meta property=\"og:description\" content=\"Semana espetacular de experi\u00eancias, trocas e conex\u00f5es. A Diretoria RE\/MAX Regional Grupo Bahia participou do Conecta Imobi 2022, o maior e principal evento do mercado imobili\u00e1rio da Am\u00e9rica Latina e do pa\u00eds.\" \/>\n<meta property=\"og:url\" content=\"https:\/\/remaxba.com.br\/index.php\/2022\/09\/23\/diretoria-re-max-regional-grupo-bahia-participa-do-conecta-imobi-2022-o-maior-e-principal-evento-do-mercado-imobiliario-da-america-latina-e-do-pais\/\" \/>\n<meta property=\"og:site_name\" content=\"RE\/MAX BA\" \/>\n<meta property=\"article:published_time\" content=\"2022-09-23T22:02:58+00:00\" \/>\n<meta property=\"article:modified_time\" content=\"2022-09-23T22:18:22+00:00\" \/>\n<meta property=\"og:image\" content=\"https:\/\/remaxba.com.br\/wp-content\/uploads\/2022\/09\/Conecta-Imobi-2019-1-1.jpg\" \/>\n\t<meta property=\"og:image:width\" content=\"1024\" \/>\n\t<meta property=\"og:image:height\" content=\"500\" \/>\n\t<meta property=\"og:image:type\" content=\"image\/jpeg\" \/>\n<meta name=\"author\" content=\"admin\" \/>\n<meta name=\"twitter:card\" content=\"summary_large_image\" \/>\n<meta name=\"twitter:label1\" content=\"Escrito por\" \/>\n\t<meta name=\"twitter:data1\" content=\"admin\" \/>\n\t<meta name=\"twitter:label2\" content=\"Est. tempo de leitura\" \/>\n\t<meta name=\"twitter:data2\" content=\"5 minutos\" \/>\n<script type=\"application\/ld+json\" class=\"yoast-schema-graph\">{\"@context\":\"https:\\\/\\\/schema.org\",\"@graph\":[{\"@type\":\"Article\",\"@id\":\"https:\\\/\\\/remaxba.com.br\\\/index.php\\\/2022\\\/09\\\/23\\\/diretoria-re-max-regional-grupo-bahia-participa-do-conecta-imobi-2022-o-maior-e-principal-evento-do-mercado-imobiliario-da-america-latina-e-do-pais\\\/#article\",\"isPartOf\":{\"@id\":\"https:\\\/\\\/remaxba.com.br\\\/index.php\\\/2022\\\/09\\\/23\\\/diretoria-re-max-regional-grupo-bahia-participa-do-conecta-imobi-2022-o-maior-e-principal-evento-do-mercado-imobiliario-da-america-latina-e-do-pais\\\/\"},\"author\":{\"name\":\"admin\",\"@id\":\"https:\\\/\\\/remaxba.com.br\\\/#\\\/schema\\\/person\\\/b255d3fb92692e52ab905369f0c2dfb0\"},\"headline\":\"Diretoria RE\\\/MAX Regional Grupo Bahia participa do Conecta Imobi 2022, o maior e principal evento do mercado imobili\u00e1rio da Am\u00e9rica Latina e do pa\u00eds\",\"datePublished\":\"2022-09-23T22:02:58+00:00\",\"dateModified\":\"2022-09-23T22:18:22+00:00\",\"mainEntityOfPage\":{\"@id\":\"https:\\\/\\\/remaxba.com.br\\\/index.php\\\/2022\\\/09\\\/23\\\/diretoria-re-max-regional-grupo-bahia-participa-do-conecta-imobi-2022-o-maior-e-principal-evento-do-mercado-imobiliario-da-america-latina-e-do-pais\\\/\"},\"wordCount\":818,\"commentCount\":0,\"image\":{\"@id\":\"https:\\\/\\\/remaxba.com.br\\\/index.php\\\/2022\\\/09\\\/23\\\/diretoria-re-max-regional-grupo-bahia-participa-do-conecta-imobi-2022-o-maior-e-principal-evento-do-mercado-imobiliario-da-america-latina-e-do-pais\\\/#primaryimage\"},\"thumbnailUrl\":\"https:\\\/\\\/remaxba.com.br\\\/wp-content\\\/uploads\\\/2022\\\/09\\\/Conecta-Imobi-2019-1-1.jpg\",\"articleSection\":[\"Uncategorized\"],\"inLanguage\":\"pt-BR\",\"potentialAction\":[{\"@type\":\"CommentAction\",\"name\":\"Comment\",\"target\":[\"https:\\\/\\\/remaxba.com.br\\\/index.php\\\/2022\\\/09\\\/23\\\/diretoria-re-max-regional-grupo-bahia-participa-do-conecta-imobi-2022-o-maior-e-principal-evento-do-mercado-imobiliario-da-america-latina-e-do-pais\\\/#respond\"]}]},{\"@type\":\"WebPage\",\"@id\":\"https:\\\/\\\/remaxba.com.br\\\/index.php\\\/2022\\\/09\\\/23\\\/diretoria-re-max-regional-grupo-bahia-participa-do-conecta-imobi-2022-o-maior-e-principal-evento-do-mercado-imobiliario-da-america-latina-e-do-pais\\\/\",\"url\":\"https:\\\/\\\/remaxba.com.br\\\/index.php\\\/2022\\\/09\\\/23\\\/diretoria-re-max-regional-grupo-bahia-participa-do-conecta-imobi-2022-o-maior-e-principal-evento-do-mercado-imobiliario-da-america-latina-e-do-pais\\\/\",\"name\":\"Diretoria RE\\\/MAX Regional Grupo Bahia participa do Conecta Imobi 2022, o maior e principal evento do mercado imobili\u00e1rio da Am\u00e9rica Latina e do pa\u00eds - RE\\\/MAX BA\",\"isPartOf\":{\"@id\":\"https:\\\/\\\/remaxba.com.br\\\/#website\"},\"primaryImageOfPage\":{\"@id\":\"https:\\\/\\\/remaxba.com.br\\\/index.php\\\/2022\\\/09\\\/23\\\/diretoria-re-max-regional-grupo-bahia-participa-do-conecta-imobi-2022-o-maior-e-principal-evento-do-mercado-imobiliario-da-america-latina-e-do-pais\\\/#primaryimage\"},\"image\":{\"@id\":\"https:\\\/\\\/remaxba.com.br\\\/index.php\\\/2022\\\/09\\\/23\\\/diretoria-re-max-regional-grupo-bahia-participa-do-conecta-imobi-2022-o-maior-e-principal-evento-do-mercado-imobiliario-da-america-latina-e-do-pais\\\/#primaryimage\"},\"thumbnailUrl\":\"https:\\\/\\\/remaxba.com.br\\\/wp-content\\\/uploads\\\/2022\\\/09\\\/Conecta-Imobi-2019-1-1.jpg\",\"datePublished\":\"2022-09-23T22:02:58+00:00\",\"dateModified\":\"2022-09-23T22:18:22+00:00\",\"author\":{\"@id\":\"https:\\\/\\\/remaxba.com.br\\\/#\\\/schema\\\/person\\\/b255d3fb92692e52ab905369f0c2dfb0\"},\"breadcrumb\":{\"@id\":\"https:\\\/\\\/remaxba.com.br\\\/index.php\\\/2022\\\/09\\\/23\\\/diretoria-re-max-regional-grupo-bahia-participa-do-conecta-imobi-2022-o-maior-e-principal-evento-do-mercado-imobiliario-da-america-latina-e-do-pais\\\/#breadcrumb\"},\"inLanguage\":\"pt-BR\",\"potentialAction\":[{\"@type\":\"ReadAction\",\"target\":[\"https:\\\/\\\/remaxba.com.br\\\/index.php\\\/2022\\\/09\\\/23\\\/diretoria-re-max-regional-grupo-bahia-participa-do-conecta-imobi-2022-o-maior-e-principal-evento-do-mercado-imobiliario-da-america-latina-e-do-pais\\\/\"]}]},{\"@type\":\"ImageObject\",\"inLanguage\":\"pt-BR\",\"@id\":\"https:\\\/\\\/remaxba.com.br\\\/index.php\\\/2022\\\/09\\\/23\\\/diretoria-re-max-regional-grupo-bahia-participa-do-conecta-imobi-2022-o-maior-e-principal-evento-do-mercado-imobiliario-da-america-latina-e-do-pais\\\/#primaryimage\",\"url\":\"https:\\\/\\\/remaxba.com.br\\\/wp-content\\\/uploads\\\/2022\\\/09\\\/Conecta-Imobi-2019-1-1.jpg\",\"contentUrl\":\"https:\\\/\\\/remaxba.com.br\\\/wp-content\\\/uploads\\\/2022\\\/09\\\/Conecta-Imobi-2019-1-1.jpg\",\"width\":1024,\"height\":500},{\"@type\":\"BreadcrumbList\",\"@id\":\"https:\\\/\\\/remaxba.com.br\\\/index.php\\\/2022\\\/09\\\/23\\\/diretoria-re-max-regional-grupo-bahia-participa-do-conecta-imobi-2022-o-maior-e-principal-evento-do-mercado-imobiliario-da-america-latina-e-do-pais\\\/#breadcrumb\",\"itemListElement\":[{\"@type\":\"ListItem\",\"position\":1,\"name\":\"In\u00edcio\",\"item\":\"https:\\\/\\\/remaxba.com.br\\\/\"},{\"@type\":\"ListItem\",\"position\":2,\"name\":\"Diretoria RE\\\/MAX Regional Grupo Bahia participa do Conecta Imobi 2022, o maior e principal evento do mercado imobili\u00e1rio da Am\u00e9rica Latina e do pa\u00eds\"}]},{\"@type\":\"WebSite\",\"@id\":\"https:\\\/\\\/remaxba.com.br\\\/#website\",\"url\":\"https:\\\/\\\/remaxba.com.br\\\/\",\"name\":\"RE\\\/MAX BA\",\"description\":\"\",\"potentialAction\":[{\"@type\":\"SearchAction\",\"target\":{\"@type\":\"EntryPoint\",\"urlTemplate\":\"https:\\\/\\\/remaxba.com.br\\\/?s={search_term_string}\"},\"query-input\":{\"@type\":\"PropertyValueSpecification\",\"valueRequired\":true,\"valueName\":\"search_term_string\"}}],\"inLanguage\":\"pt-BR\"},{\"@type\":\"Person\",\"@id\":\"https:\\\/\\\/remaxba.com.br\\\/#\\\/schema\\\/person\\\/b255d3fb92692e52ab905369f0c2dfb0\",\"name\":\"admin\",\"image\":{\"@type\":\"ImageObject\",\"inLanguage\":\"pt-BR\",\"@id\":\"https:\\\/\\\/secure.gravatar.com\\\/avatar\\\/5020d0d7d8f76d564a9cdeef6d96a35d93fb243f6fdfa63712f4f538b95f10e5?s=96&d=mm&r=g\",\"url\":\"https:\\\/\\\/secure.gravatar.com\\\/avatar\\\/5020d0d7d8f76d564a9cdeef6d96a35d93fb243f6fdfa63712f4f538b95f10e5?s=96&d=mm&r=g\",\"contentUrl\":\"https:\\\/\\\/secure.gravatar.com\\\/avatar\\\/5020d0d7d8f76d564a9cdeef6d96a35d93fb243f6fdfa63712f4f538b95f10e5?s=96&d=mm&r=g\",\"caption\":\"admin\"},\"sameAs\":[\"https:\\\/\\\/remaxba.com.br\"],\"url\":\"https:\\\/\\\/remaxba.com.br\\\/index.php\\\/author\\\/remaxba\\\/\"}]}<\/script>\n<!-- \/ Yoast SEO plugin. -->","yoast_head_json":{"title":"Diretoria RE\/MAX Regional Grupo Bahia participa do Conecta Imobi 2022, o maior e principal evento do mercado imobili\u00e1rio da Am\u00e9rica Latina e do pa\u00eds - RE\/MAX BA","robots":{"index":"index","follow":"follow","max-snippet":"max-snippet:-1","max-image-preview":"max-image-preview:large","max-video-preview":"max-video-preview:-1"},"canonical":"https:\/\/remaxba.com.br\/index.php\/2022\/09\/23\/diretoria-re-max-regional-grupo-bahia-participa-do-conecta-imobi-2022-o-maior-e-principal-evento-do-mercado-imobiliario-da-america-latina-e-do-pais\/","og_locale":"pt_BR","og_type":"article","og_title":"Diretoria RE\/MAX Regional Grupo Bahia participa do Conecta Imobi 2022, o maior e principal evento do mercado imobili\u00e1rio da Am\u00e9rica Latina e do pa\u00eds - RE\/MAX BA","og_description":"Semana espetacular de experi\u00eancias, trocas e conex\u00f5es. A Diretoria RE\/MAX Regional Grupo Bahia participou do Conecta Imobi 2022, o maior e principal evento do mercado imobili\u00e1rio da Am\u00e9rica Latina e do pa\u00eds.","og_url":"https:\/\/remaxba.com.br\/index.php\/2022\/09\/23\/diretoria-re-max-regional-grupo-bahia-participa-do-conecta-imobi-2022-o-maior-e-principal-evento-do-mercado-imobiliario-da-america-latina-e-do-pais\/","og_site_name":"RE\/MAX BA","article_published_time":"2022-09-23T22:02:58+00:00","article_modified_time":"2022-09-23T22:18:22+00:00","og_image":[{"width":1024,"height":500,"url":"https:\/\/remaxba.com.br\/wp-content\/uploads\/2022\/09\/Conecta-Imobi-2019-1-1.jpg","type":"image\/jpeg"}],"author":"admin","twitter_card":"summary_large_image","twitter_misc":{"Escrito por":"admin","Est. tempo de leitura":"5 minutos"},"schema":{"@context":"https:\/\/schema.org","@graph":[{"@type":"Article","@id":"https:\/\/remaxba.com.br\/index.php\/2022\/09\/23\/diretoria-re-max-regional-grupo-bahia-participa-do-conecta-imobi-2022-o-maior-e-principal-evento-do-mercado-imobiliario-da-america-latina-e-do-pais\/#article","isPartOf":{"@id":"https:\/\/remaxba.com.br\/index.php\/2022\/09\/23\/diretoria-re-max-regional-grupo-bahia-participa-do-conecta-imobi-2022-o-maior-e-principal-evento-do-mercado-imobiliario-da-america-latina-e-do-pais\/"},"author":{"name":"admin","@id":"https:\/\/remaxba.com.br\/#\/schema\/person\/b255d3fb92692e52ab905369f0c2dfb0"},"headline":"Diretoria RE\/MAX Regional Grupo Bahia participa do Conecta Imobi 2022, o maior e principal evento do mercado imobili\u00e1rio da Am\u00e9rica Latina e do pa\u00eds","datePublished":"2022-09-23T22:02:58+00:00","dateModified":"2022-09-23T22:18:22+00:00","mainEntityOfPage":{"@id":"https:\/\/remaxba.com.br\/index.php\/2022\/09\/23\/diretoria-re-max-regional-grupo-bahia-participa-do-conecta-imobi-2022-o-maior-e-principal-evento-do-mercado-imobiliario-da-america-latina-e-do-pais\/"},"wordCount":818,"commentCount":0,"image":{"@id":"https:\/\/remaxba.com.br\/index.php\/2022\/09\/23\/diretoria-re-max-regional-grupo-bahia-participa-do-conecta-imobi-2022-o-maior-e-principal-evento-do-mercado-imobiliario-da-america-latina-e-do-pais\/#primaryimage"},"thumbnailUrl":"https:\/\/remaxba.com.br\/wp-content\/uploads\/2022\/09\/Conecta-Imobi-2019-1-1.jpg","articleSection":["Uncategorized"],"inLanguage":"pt-BR","potentialAction":[{"@type":"CommentAction","name":"Comment","target":["https:\/\/remaxba.com.br\/index.php\/2022\/09\/23\/diretoria-re-max-regional-grupo-bahia-participa-do-conecta-imobi-2022-o-maior-e-principal-evento-do-mercado-imobiliario-da-america-latina-e-do-pais\/#respond"]}]},{"@type":"WebPage","@id":"https:\/\/remaxba.com.br\/index.php\/2022\/09\/23\/diretoria-re-max-regional-grupo-bahia-participa-do-conecta-imobi-2022-o-maior-e-principal-evento-do-mercado-imobiliario-da-america-latina-e-do-pais\/","url":"https:\/\/remaxba.com.br\/index.php\/2022\/09\/23\/diretoria-re-max-regional-grupo-bahia-participa-do-conecta-imobi-2022-o-maior-e-principal-evento-do-mercado-imobiliario-da-america-latina-e-do-pais\/","name":"Diretoria RE\/MAX Regional Grupo Bahia participa do Conecta Imobi 2022, o maior e principal evento do mercado imobili\u00e1rio da Am\u00e9rica Latina e do pa\u00eds - RE\/MAX BA","isPartOf":{"@id":"https:\/\/remaxba.com.br\/#website"},"primaryImageOfPage":{"@id":"https:\/\/remaxba.com.br\/index.php\/2022\/09\/23\/diretoria-re-max-regional-grupo-bahia-participa-do-conecta-imobi-2022-o-maior-e-principal-evento-do-mercado-imobiliario-da-america-latina-e-do-pais\/#primaryimage"},"image":{"@id":"https:\/\/remaxba.com.br\/index.php\/2022\/09\/23\/diretoria-re-max-regional-grupo-bahia-participa-do-conecta-imobi-2022-o-maior-e-principal-evento-do-mercado-imobiliario-da-america-latina-e-do-pais\/#primaryimage"},"thumbnailUrl":"https:\/\/remaxba.com.br\/wp-content\/uploads\/2022\/09\/Conecta-Imobi-2019-1-1.jpg","datePublished":"2022-09-23T22:02:58+00:00","dateModified":"2022-09-23T22:18:22+00:00","author":{"@id":"https:\/\/remaxba.com.br\/#\/schema\/person\/b255d3fb92692e52ab905369f0c2dfb0"},"breadcrumb":{"@id":"https:\/\/remaxba.com.br\/index.php\/2022\/09\/23\/diretoria-re-max-regional-grupo-bahia-participa-do-conecta-imobi-2022-o-maior-e-principal-evento-do-mercado-imobiliario-da-america-latina-e-do-pais\/#breadcrumb"},"inLanguage":"pt-BR","potentialAction":[{"@type":"ReadAction","target":["https:\/\/remaxba.com.br\/index.php\/2022\/09\/23\/diretoria-re-max-regional-grupo-bahia-participa-do-conecta-imobi-2022-o-maior-e-principal-evento-do-mercado-imobiliario-da-america-latina-e-do-pais\/"]}]},{"@type":"ImageObject","inLanguage":"pt-BR","@id":"https:\/\/remaxba.com.br\/index.php\/2022\/09\/23\/diretoria-re-max-regional-grupo-bahia-participa-do-conecta-imobi-2022-o-maior-e-principal-evento-do-mercado-imobiliario-da-america-latina-e-do-pais\/#primaryimage","url":"https:\/\/remaxba.com.br\/wp-content\/uploads\/2022\/09\/Conecta-Imobi-2019-1-1.jpg","contentUrl":"https:\/\/remaxba.com.br\/wp-content\/uploads\/2022\/09\/Conecta-Imobi-2019-1-1.jpg","width":1024,"height":500},{"@type":"BreadcrumbList","@id":"https:\/\/remaxba.com.br\/index.php\/2022\/09\/23\/diretoria-re-max-regional-grupo-bahia-participa-do-conecta-imobi-2022-o-maior-e-principal-evento-do-mercado-imobiliario-da-america-latina-e-do-pais\/#breadcrumb","itemListElement":[{"@type":"ListItem","position":1,"name":"In\u00edcio","item":"https:\/\/remaxba.com.br\/"},{"@type":"ListItem","position":2,"name":"Diretoria RE\/MAX Regional Grupo Bahia participa do Conecta Imobi 2022, o maior e principal evento do mercado imobili\u00e1rio da Am\u00e9rica Latina e do pa\u00eds"}]},{"@type":"WebSite","@id":"https:\/\/remaxba.com.br\/#website","url":"https:\/\/remaxba.com.br\/","name":"RE\/MAX BA","description":"","potentialAction":[{"@type":"SearchAction","target":{"@type":"EntryPoint","urlTemplate":"https:\/\/remaxba.com.br\/?s={search_term_string}"},"query-input":{"@type":"PropertyValueSpecification","valueRequired":true,"valueName":"search_term_string"}}],"inLanguage":"pt-BR"},{"@type":"Person","@id":"https:\/\/remaxba.com.br\/#\/schema\/person\/b255d3fb92692e52ab905369f0c2dfb0","name":"admin","image":{"@type":"ImageObject","inLanguage":"pt-BR","@id":"https:\/\/secure.gravatar.com\/avatar\/5020d0d7d8f76d564a9cdeef6d96a35d93fb243f6fdfa63712f4f538b95f10e5?s=96&d=mm&r=g","url":"https:\/\/secure.gravatar.com\/avatar\/5020d0d7d8f76d564a9cdeef6d96a35d93fb243f6fdfa63712f4f538b95f10e5?s=96&d=mm&r=g","contentUrl":"https:\/\/secure.gravatar.com\/avatar\/5020d0d7d8f76d564a9cdeef6d96a35d93fb243f6fdfa63712f4f538b95f10e5?s=96&d=mm&r=g","caption":"admin"},"sameAs":["https:\/\/remaxba.com.br"],"url":"https:\/\/remaxba.com.br\/index.php\/author\/remaxba\/"}]}},"_links":{"self":[{"href":"https:\/\/remaxba.com.br\/index.php\/wp-json\/wp\/v2\/posts\/898","targetHints":{"allow":["GET"]}}],"collection":[{"href":"https:\/\/remaxba.com.br\/index.php\/wp-json\/wp\/v2\/posts"}],"about":[{"href":"https:\/\/remaxba.com.br\/index.php\/wp-json\/wp\/v2\/types\/post"}],"author":[{"embeddable":true,"href":"https:\/\/remaxba.com.br\/index.php\/wp-json\/wp\/v2\/users\/1"}],"replies":[{"embeddable":true,"href":"https:\/\/remaxba.com.br\/index.php\/wp-json\/wp\/v2\/comments?post=898"}],"version-history":[{"count":5,"href":"https:\/\/remaxba.com.br\/index.php\/wp-json\/wp\/v2\/posts\/898\/revisions"}],"predecessor-version":[{"id":909,"href":"https:\/\/remaxba.com.br\/index.php\/wp-json\/wp\/v2\/posts\/898\/revisions\/909"}],"wp:featuredmedia":[{"embeddable":true,"href":"https:\/\/remaxba.com.br\/index.php\/wp-json\/wp\/v2\/media\/905"}],"wp:attachment":[{"href":"https:\/\/remaxba.com.br\/index.php\/wp-json\/wp\/v2\/media?parent=898"}],"wp:term":[{"taxonomy":"category","embeddable":true,"href":"https:\/\/remaxba.com.br\/index.php\/wp-json\/wp\/v2\/categories?post=898"},{"taxonomy":"post_tag","embeddable":true,"href":"https:\/\/remaxba.com.br\/index.php\/wp-json\/wp\/v2\/tags?post=898"}],"curies":[{"name":"wp","href":"https:\/\/api.w.org\/{rel}","templated":true}]}}