{"id":853,"date":"2022-08-19T12:40:49","date_gmt":"2022-08-19T12:40:49","guid":{"rendered":"https:\/\/remaxba.com.br\/?p=853"},"modified":"2022-09-01T12:41:25","modified_gmt":"2022-09-01T12:41:25","slug":"conheca-a-re-max-movere-loja-franqueada-re-max-na-capital-baiana","status":"publish","type":"post","link":"https:\/\/remaxba.com.br\/index.php\/2022\/08\/19\/conheca-a-re-max-movere-loja-franqueada-re-max-na-capital-baiana\/","title":{"rendered":"CONHE\u00c7A A RE\/MAX MOVERE, LOJA FRANQUEADA RE\/MAX NA CAPITAL BAIANA"},"content":{"rendered":"\n<p>Salvador recebeu em janeiro uma incr\u00edvel unidade da gigante americana RE\/MAX. A bel\u00edssima loja franqueada RE\/MAX Movere, com sede no bairro Itapu\u00e3, estreou com muita for\u00e7a na regi\u00e3o, chancelada pela expertise de Bruno Carvalho Soares, experiente empres\u00e1rio do ramo imobili\u00e1rio.<\/p>\n\n\n\n<h2 class=\"wp-block-heading\"><strong>SOBRE O FRANQUEADO<\/strong><\/h2>\n\n\n\n<p>Bruno Carvalho Soares tem 42 anos, \u00e9 formado em Ci\u00eancias Cont\u00e1beis, atuou no ramo de turismo, \u00e9 contador e atua h\u00e1 mais de 15 anos no ramo imobili\u00e1rio.<\/p>\n\n\n\n<p>Teve uma experi\u00eancia profissional na RE\/MAX 300 &#8211; colegas de rede, conheceu uma unidade&nbsp; RE\/MAX&nbsp; em Portugal e ap\u00f3s tomou a decis\u00e3o de empreender atrav\u00e9s de franquia pr\u00f3pria.<\/p>\n\n\n\n<blockquote class=\"wp-block-quote is-layout-flow wp-block-quote-is-layout-flow\"><p>&#8220;O primeiro contato com a RE\/MAX foi no ano de 2010 na cidade de Lisboa, at\u00e9 ent\u00e3o s\u00f3 tinha visto a marca RE\/MAX em filmes americanos. Durante o atendimento, fiquei encantado com a estrutura e profissionalismo dos agentes RE\/MAX na capital portuguesa e naquele momento, imaginei um dia poder ter uma ag\u00eancia RE\/MAX no Brasil.&#8221;<br><strong>Bruno Carvalho Soares &#8211; Franqueado RE\/MAX Movere<\/strong><\/p><\/blockquote>\n\n\n\n<figure class=\"wp-block-image size-large\"><img loading=\"lazy\" decoding=\"async\" width=\"1024\" height=\"638\" src=\"https:\/\/remaxba.com.br\/wp-content\/uploads\/2022\/09\/WhatsApp-Image-2022-08-24-at-13.24.34-1-1024x638.jpeg\" alt=\"\" class=\"wp-image-856\" srcset=\"https:\/\/remaxba.com.br\/wp-content\/uploads\/2022\/09\/WhatsApp-Image-2022-08-24-at-13.24.34-1-1024x638.jpeg 1024w, https:\/\/remaxba.com.br\/wp-content\/uploads\/2022\/09\/WhatsApp-Image-2022-08-24-at-13.24.34-1-980x610.jpeg 980w, https:\/\/remaxba.com.br\/wp-content\/uploads\/2022\/09\/WhatsApp-Image-2022-08-24-at-13.24.34-1-480x299.jpeg 480w\" sizes=\"(min-width: 0px) and (max-width: 480px) 480px, (min-width: 481px) and (max-width: 980px) 980px, (min-width: 981px) 1024px, 100vw\" \/><\/figure>\n\n\n\n<h2 class=\"wp-block-heading\"><strong>RE\/MAX<\/strong><\/h2>\n\n\n\n<p>O empres\u00e1rio &#8211; que inaugurou sua primeira ag\u00eancia imobili\u00e1ria j\u00e1 como RE\/MAX, escolheu investir na franquia por todo suporte e marca forte mundialmente consolidada, garantindo o excelente andamento das atividades e grandes possibilidades de crescimento. Miss\u00e3o, vis\u00e3o, valores e estrutura da rede internacional s\u00e3o outros pontos destacados por ele.<\/p>\n\n\n\n<blockquote class=\"wp-block-quote is-layout-flow wp-block-quote-is-layout-flow\"><p>\u201cDecidi ser RE\/MAX por tudo de sensacional que a franquia oferece: know-how, metodologia testada e aprovada, treinamentos iniciais, educa\u00e7\u00e3o corporativa continuada para todos os envolvidos no neg\u00f3cio, m\u00e1ximo servi\u00e7o, excel\u00eancia em atendimento, expertise em processos, ampla rede, ferramentas exclusivas e total suporte para a opera\u00e7\u00e3o. Investir em uma franquia \u00e9 certamente ter vantagem competitiva frente as outras empresas tradicionais do mercado.\u201d<br><strong>Bruno Carvalho Soares &#8211; Franqueado RE\/MAX Movere<\/strong><\/p><\/blockquote>\n\n\n\n<p>Com sede na Rua General Severino Filho n\u00b0 110, Mall Pedra do Sal, Loja n\u00b0 101, bairro Itapu\u00e3, Salvador\/BA, a RE\/MAX Movere abriu as portas em 05 de janeiro de 2022.<\/p>\n\n\n\n<h2 class=\"wp-block-heading\"><strong>RE\/MAX MOVERE<\/strong><\/h2>\n\n\n\n<p>Bruno \u00e9 um empreendedor extremamente qualificado e experiente, com muito conhecimento de mercado e ampla vis\u00e3o empresarial. Representa uma assinatura confi\u00e1vel nos neg\u00f3cios imobili\u00e1rios, estudando o mercado permanentemente.<\/p>\n\n\n\n<p>Como foco da opera\u00e7\u00e3o, visa assinar com maestria a presta\u00e7\u00e3o de servi\u00e7os por meio das melhores pr\u00e1ticas mundiais &#8211; modelo de gest\u00e3o exclusiva, que entrega aos propriet\u00e1rios de im\u00f3veis um servi\u00e7o qualificado, com rigoroso estudo de mercado para precifica\u00e7\u00e3o, plano de marketing de divulga\u00e7\u00e3o exclusivo e acompanhamento dos agentes em todo processo.<\/p>\n\n\n\n<blockquote class=\"wp-block-quote is-layout-flow wp-block-quote-is-layout-flow\"><p>&#8220;O modelo de trabalho da RE\/MAX \u00e9 de sucesso, como dizem por a\u00ed: n\u00e3o precisa inventar a roda. Fa\u00e7o sempre uma alus\u00e3o \u00e0 marca de carros italiana Ferrari e a comparo com a RE\/MAX \u201ca Ferrari imobili\u00e1ria\u201d. Temos que conhecer o modelo e aplicar, para podermos ter o dom\u00ednio deste \u201cve\u00edculo possante\u201d que \u00e9 a RE\/MAX, a evolu\u00e7\u00e3o do mercado imobili\u00e1rio mundial.&#8221;<br><strong>Bruno Carvalho Soares &#8211; Franqueado RE\/MAX Movere<\/strong><\/p><\/blockquote>\n\n\n\n<h2 class=\"wp-block-heading\"><strong>OPERA\u00c7\u00c3O<\/strong><\/h2>\n\n\n\n<p>O primeiro empreendimento de Bruno inaugurou chancelado pelo modelo de neg\u00f3cio da maior rede imobili\u00e1ria do mundo, l\u00edder absoluta no segmento de transa\u00e7\u00f5es imobili\u00e1rias. Para ele e toda equipe, a possibilidade de elevar substancialmente o volume de transa\u00e7\u00f5es n\u00e3o apenas na cidade, mas tamb\u00e9m a n\u00edvel estadual, nacional e global, atrav\u00e9s de parcerias com profissionais de todo o mercado \u2013 corretores e imobili\u00e1rias.<\/p>\n\n\n\n<p>L\u00edder do franchising imobili\u00e1rio mundial, a RE\/MAX foi fundada em Denver, no Estado do Colorado (USA), desde ent\u00e3o o crescimento tem sido exponencial. Hoje, a RE\/MAX \u00e9 a maior rede de franquias imobili\u00e1rias em n\u00fameros de transa\u00e7\u00f5es no mundo, com lojas em mais de 110 pa\u00edses, mais de 9.000 ag\u00eancias e mais de 144.000 corretores \u00e0 disposi\u00e7\u00e3o.<\/p>\n\n\n\n<p>Presente em todo o Brasil, conta com mais de 8000 agentes na for\u00e7a de vendas do pa\u00eds, permitindo um leque de op\u00e7\u00f5es para compra ou venda de im\u00f3veis em qualquer lugar do Brasil e do mundo.<\/p>\n\n\n\n<h2 class=\"wp-block-heading\"><strong>CONQUISTAS<\/strong><\/h2>\n\n\n\n<p>Com foco na cultura colaborativa e capital humano, a RE\/MAX Movere vem realizando internamente in\u00fameras capacita\u00e7\u00f5es, treinamentos e aperfei\u00e7oamento de todos os processos, englobando todos os membros da equipe.<\/p>\n\n\n\n<p>A equipe de alta performance &#8211; corretores especialistas experientes, acredita na excel\u00eancia em atendimento e cultura mundial RE\/MAX, proporcionando um servi\u00e7o Premium com in\u00fameros diferenciais.<\/p>\n\n\n\n<p>J\u00e1 no primeiro semestre, a ag\u00eancia teve uma agente imobili\u00e1ria figurando entre os Top 10 Producers da RE\/MAX Regional Bahia.<\/p>\n\n\n\n<blockquote class=\"wp-block-quote is-layout-flow wp-block-quote-is-layout-flow\"><p>&#8220;Acreditamos que seguindo o modelo, comprometimento e trabalho, outros agentes e a pr\u00f3pria ag\u00eancia logo estar\u00e1 frequentando assiduamente este seleto ranking. Em busca das chancelas sempre!<br><strong>Bruno Carvalho Soares &#8211; Franqueado RE\/MAX Movere<\/strong><\/p><\/blockquote>\n\n\n\n<h2 class=\"wp-block-heading\"><strong>2022<\/strong><\/h2>\n\n\n\n<p>Para 2022 o principal objetivo \u00e9 seguir&nbsp;\u00e0&nbsp;risca o modelo RE\/MAX, colocando em pr\u00e1tica todos os aprendizados para colher ao final de dezembro os frutos de um ano extremamente importante de consolida\u00e7\u00e3o.<\/p>\n\n\n\n<p>Igualmente, aliando metodologia, processos, qualidade, inova\u00e7\u00e3o e capital humano, fazer a diferen\u00e7a no mercado, tornando a cultura organizacional&nbsp;RE\/MAX cada vez mais s\u00f3lida, proporcionando a valoriza\u00e7\u00e3o do corretor de im\u00f3veis, grande estrela do neg\u00f3cio.<\/p>\n\n\n\n<p>A RE\/MAX Movere seguir\u00e1 trabalhando fortemente para consolidar ainda mais a marca na Bahia, destacando os im\u00f3veis sob sua curadoria nos mais importantes canais do mercado imobili\u00e1rio. Al\u00e9m disso, continuam os investimentos na sede, forma\u00e7\u00e3o, acompanhamento e desenvolvimento de carreiras de corretores interessados em ingressar ao time.<\/p>\n\n\n\n<blockquote class=\"wp-block-quote is-layout-flow wp-block-quote-is-layout-flow\"><p>\u201d\u00c9 o primeiro ano da RE\/MAX Movere, momento de ajustes, de montagem de equipe, de estrutura\u00e7\u00e3o, temos a certeza que o futuro \u00e9 promissor, com muito trabalho e dedica\u00e7\u00e3o, buscando profissionais \u00e9ticos e comprometidos com a empresa. Agradecemos a todos pelo apoio e receptividade. Vamos juntos!&#8221;<br><strong>Bruno Carvalho Soares &#8211; Franqueado RE\/MAX Movere<\/strong><\/p><\/blockquote>\n\n\n\n<p>A fam\u00edlia RE\/MAX Regional Bahia n\u00e3o para de crescer! Uma honra e alegria contarmos com profissionais experientes, qualificados, empreendedores, sempre em busca de crescimento, aperfei\u00e7oamento e o melhor para os nossos clientes.<\/p>\n\n\n\n<p><strong>SEJA MUITO BEM-VINDA RE\/MAX MOVERE!<\/strong><\/p>\n","protected":false},"excerpt":{"rendered":"<p>Salvador recebeu em janeiro uma incr\u00edvel unidade da gigante americana RE\/MAX. A bel\u00edssima loja franqueada RE\/MAX Movere, com sede no bairro Itapu\u00e3, estreou com muita for\u00e7a na regi\u00e3o, chancelada pela expertise de Bruno Carvalho Soares, experiente empres\u00e1rio do ramo imobili\u00e1rio.<\/p>\n","protected":false},"author":1,"featured_media":856,"comment_status":"open","ping_status":"open","sticky":false,"template":"","format":"standard","meta":{"_et_pb_use_builder":"","_et_pb_old_content":"","_et_gb_content_width":"","inline_featured_image":false,"footnotes":""},"categories":[1],"tags":[],"class_list":["post-853","post","type-post","status-publish","format-standard","has-post-thumbnail","hentry","category-uncategorized"],"yoast_head":"<!-- This site is optimized with the Yoast SEO plugin v27.5 - https:\/\/yoast.com\/product\/yoast-seo-wordpress\/ -->\n<title>CONHE\u00c7A A RE\/MAX MOVERE, LOJA FRANQUEADA RE\/MAX NA CAPITAL BAIANA - RE\/MAX BA<\/title>\n<meta name=\"robots\" content=\"index, follow, max-snippet:-1, max-image-preview:large, max-video-preview:-1\" \/>\n<link rel=\"canonical\" href=\"https:\/\/remaxba.com.br\/index.php\/2022\/08\/19\/conheca-a-re-max-movere-loja-franqueada-re-max-na-capital-baiana\/\" \/>\n<meta property=\"og:locale\" content=\"pt_BR\" \/>\n<meta property=\"og:type\" content=\"article\" \/>\n<meta property=\"og:title\" content=\"CONHE\u00c7A A RE\/MAX MOVERE, LOJA FRANQUEADA RE\/MAX NA CAPITAL BAIANA - RE\/MAX BA\" \/>\n<meta property=\"og:description\" content=\"Salvador recebeu em janeiro uma incr\u00edvel unidade da gigante americana RE\/MAX. A bel\u00edssima loja franqueada RE\/MAX Movere, com sede no bairro Itapu\u00e3, estreou com muita for\u00e7a na regi\u00e3o, chancelada pela expertise de Bruno Carvalho Soares, experiente empres\u00e1rio do ramo imobili\u00e1rio.\" \/>\n<meta property=\"og:url\" content=\"https:\/\/remaxba.com.br\/index.php\/2022\/08\/19\/conheca-a-re-max-movere-loja-franqueada-re-max-na-capital-baiana\/\" \/>\n<meta property=\"og:site_name\" content=\"RE\/MAX BA\" \/>\n<meta property=\"article:published_time\" content=\"2022-08-19T12:40:49+00:00\" \/>\n<meta property=\"article:modified_time\" content=\"2022-09-01T12:41:25+00:00\" \/>\n<meta property=\"og:image\" content=\"https:\/\/remaxba.com.br\/wp-content\/uploads\/2022\/09\/WhatsApp-Image-2022-08-24-at-13.24.34-1.jpeg\" \/>\n\t<meta property=\"og:image:width\" content=\"1150\" \/>\n\t<meta property=\"og:image:height\" content=\"716\" \/>\n\t<meta property=\"og:image:type\" content=\"image\/jpeg\" \/>\n<meta name=\"author\" content=\"admin\" \/>\n<meta name=\"twitter:card\" content=\"summary_large_image\" \/>\n<meta name=\"twitter:label1\" content=\"Escrito por\" \/>\n\t<meta name=\"twitter:data1\" content=\"admin\" \/>\n\t<meta name=\"twitter:label2\" content=\"Est. tempo de leitura\" \/>\n\t<meta name=\"twitter:data2\" content=\"6 minutos\" \/>\n<script type=\"application\/ld+json\" class=\"yoast-schema-graph\">{\"@context\":\"https:\\\/\\\/schema.org\",\"@graph\":[{\"@type\":\"Article\",\"@id\":\"https:\\\/\\\/remaxba.com.br\\\/index.php\\\/2022\\\/08\\\/19\\\/conheca-a-re-max-movere-loja-franqueada-re-max-na-capital-baiana\\\/#article\",\"isPartOf\":{\"@id\":\"https:\\\/\\\/remaxba.com.br\\\/index.php\\\/2022\\\/08\\\/19\\\/conheca-a-re-max-movere-loja-franqueada-re-max-na-capital-baiana\\\/\"},\"author\":{\"name\":\"admin\",\"@id\":\"https:\\\/\\\/remaxba.com.br\\\/#\\\/schema\\\/person\\\/b255d3fb92692e52ab905369f0c2dfb0\"},\"headline\":\"CONHE\u00c7A A RE\\\/MAX MOVERE, LOJA FRANQUEADA RE\\\/MAX NA CAPITAL BAIANA\",\"datePublished\":\"2022-08-19T12:40:49+00:00\",\"dateModified\":\"2022-09-01T12:41:25+00:00\",\"mainEntityOfPage\":{\"@id\":\"https:\\\/\\\/remaxba.com.br\\\/index.php\\\/2022\\\/08\\\/19\\\/conheca-a-re-max-movere-loja-franqueada-re-max-na-capital-baiana\\\/\"},\"wordCount\":1055,\"commentCount\":0,\"image\":{\"@id\":\"https:\\\/\\\/remaxba.com.br\\\/index.php\\\/2022\\\/08\\\/19\\\/conheca-a-re-max-movere-loja-franqueada-re-max-na-capital-baiana\\\/#primaryimage\"},\"thumbnailUrl\":\"https:\\\/\\\/remaxba.com.br\\\/wp-content\\\/uploads\\\/2022\\\/09\\\/WhatsApp-Image-2022-08-24-at-13.24.34-1.jpeg\",\"articleSection\":[\"Uncategorized\"],\"inLanguage\":\"pt-BR\",\"potentialAction\":[{\"@type\":\"CommentAction\",\"name\":\"Comment\",\"target\":[\"https:\\\/\\\/remaxba.com.br\\\/index.php\\\/2022\\\/08\\\/19\\\/conheca-a-re-max-movere-loja-franqueada-re-max-na-capital-baiana\\\/#respond\"]}]},{\"@type\":\"WebPage\",\"@id\":\"https:\\\/\\\/remaxba.com.br\\\/index.php\\\/2022\\\/08\\\/19\\\/conheca-a-re-max-movere-loja-franqueada-re-max-na-capital-baiana\\\/\",\"url\":\"https:\\\/\\\/remaxba.com.br\\\/index.php\\\/2022\\\/08\\\/19\\\/conheca-a-re-max-movere-loja-franqueada-re-max-na-capital-baiana\\\/\",\"name\":\"CONHE\u00c7A A RE\\\/MAX MOVERE, LOJA FRANQUEADA RE\\\/MAX NA CAPITAL BAIANA - RE\\\/MAX BA\",\"isPartOf\":{\"@id\":\"https:\\\/\\\/remaxba.com.br\\\/#website\"},\"primaryImageOfPage\":{\"@id\":\"https:\\\/\\\/remaxba.com.br\\\/index.php\\\/2022\\\/08\\\/19\\\/conheca-a-re-max-movere-loja-franqueada-re-max-na-capital-baiana\\\/#primaryimage\"},\"image\":{\"@id\":\"https:\\\/\\\/remaxba.com.br\\\/index.php\\\/2022\\\/08\\\/19\\\/conheca-a-re-max-movere-loja-franqueada-re-max-na-capital-baiana\\\/#primaryimage\"},\"thumbnailUrl\":\"https:\\\/\\\/remaxba.com.br\\\/wp-content\\\/uploads\\\/2022\\\/09\\\/WhatsApp-Image-2022-08-24-at-13.24.34-1.jpeg\",\"datePublished\":\"2022-08-19T12:40:49+00:00\",\"dateModified\":\"2022-09-01T12:41:25+00:00\",\"author\":{\"@id\":\"https:\\\/\\\/remaxba.com.br\\\/#\\\/schema\\\/person\\\/b255d3fb92692e52ab905369f0c2dfb0\"},\"breadcrumb\":{\"@id\":\"https:\\\/\\\/remaxba.com.br\\\/index.php\\\/2022\\\/08\\\/19\\\/conheca-a-re-max-movere-loja-franqueada-re-max-na-capital-baiana\\\/#breadcrumb\"},\"inLanguage\":\"pt-BR\",\"potentialAction\":[{\"@type\":\"ReadAction\",\"target\":[\"https:\\\/\\\/remaxba.com.br\\\/index.php\\\/2022\\\/08\\\/19\\\/conheca-a-re-max-movere-loja-franqueada-re-max-na-capital-baiana\\\/\"]}]},{\"@type\":\"ImageObject\",\"inLanguage\":\"pt-BR\",\"@id\":\"https:\\\/\\\/remaxba.com.br\\\/index.php\\\/2022\\\/08\\\/19\\\/conheca-a-re-max-movere-loja-franqueada-re-max-na-capital-baiana\\\/#primaryimage\",\"url\":\"https:\\\/\\\/remaxba.com.br\\\/wp-content\\\/uploads\\\/2022\\\/09\\\/WhatsApp-Image-2022-08-24-at-13.24.34-1.jpeg\",\"contentUrl\":\"https:\\\/\\\/remaxba.com.br\\\/wp-content\\\/uploads\\\/2022\\\/09\\\/WhatsApp-Image-2022-08-24-at-13.24.34-1.jpeg\",\"width\":1150,\"height\":716},{\"@type\":\"BreadcrumbList\",\"@id\":\"https:\\\/\\\/remaxba.com.br\\\/index.php\\\/2022\\\/08\\\/19\\\/conheca-a-re-max-movere-loja-franqueada-re-max-na-capital-baiana\\\/#breadcrumb\",\"itemListElement\":[{\"@type\":\"ListItem\",\"position\":1,\"name\":\"In\u00edcio\",\"item\":\"https:\\\/\\\/remaxba.com.br\\\/\"},{\"@type\":\"ListItem\",\"position\":2,\"name\":\"CONHE\u00c7A A RE\\\/MAX MOVERE, LOJA FRANQUEADA RE\\\/MAX NA CAPITAL BAIANA\"}]},{\"@type\":\"WebSite\",\"@id\":\"https:\\\/\\\/remaxba.com.br\\\/#website\",\"url\":\"https:\\\/\\\/remaxba.com.br\\\/\",\"name\":\"RE\\\/MAX BA\",\"description\":\"\",\"potentialAction\":[{\"@type\":\"SearchAction\",\"target\":{\"@type\":\"EntryPoint\",\"urlTemplate\":\"https:\\\/\\\/remaxba.com.br\\\/?s={search_term_string}\"},\"query-input\":{\"@type\":\"PropertyValueSpecification\",\"valueRequired\":true,\"valueName\":\"search_term_string\"}}],\"inLanguage\":\"pt-BR\"},{\"@type\":\"Person\",\"@id\":\"https:\\\/\\\/remaxba.com.br\\\/#\\\/schema\\\/person\\\/b255d3fb92692e52ab905369f0c2dfb0\",\"name\":\"admin\",\"image\":{\"@type\":\"ImageObject\",\"inLanguage\":\"pt-BR\",\"@id\":\"https:\\\/\\\/secure.gravatar.com\\\/avatar\\\/5020d0d7d8f76d564a9cdeef6d96a35d93fb243f6fdfa63712f4f538b95f10e5?s=96&d=mm&r=g\",\"url\":\"https:\\\/\\\/secure.gravatar.com\\\/avatar\\\/5020d0d7d8f76d564a9cdeef6d96a35d93fb243f6fdfa63712f4f538b95f10e5?s=96&d=mm&r=g\",\"contentUrl\":\"https:\\\/\\\/secure.gravatar.com\\\/avatar\\\/5020d0d7d8f76d564a9cdeef6d96a35d93fb243f6fdfa63712f4f538b95f10e5?s=96&d=mm&r=g\",\"caption\":\"admin\"},\"sameAs\":[\"https:\\\/\\\/remaxba.com.br\"],\"url\":\"https:\\\/\\\/remaxba.com.br\\\/index.php\\\/author\\\/remaxba\\\/\"}]}<\/script>\n<!-- \/ Yoast SEO plugin. -->","yoast_head_json":{"title":"CONHE\u00c7A A RE\/MAX MOVERE, LOJA FRANQUEADA RE\/MAX NA CAPITAL BAIANA - RE\/MAX BA","robots":{"index":"index","follow":"follow","max-snippet":"max-snippet:-1","max-image-preview":"max-image-preview:large","max-video-preview":"max-video-preview:-1"},"canonical":"https:\/\/remaxba.com.br\/index.php\/2022\/08\/19\/conheca-a-re-max-movere-loja-franqueada-re-max-na-capital-baiana\/","og_locale":"pt_BR","og_type":"article","og_title":"CONHE\u00c7A A RE\/MAX MOVERE, LOJA FRANQUEADA RE\/MAX NA CAPITAL BAIANA - RE\/MAX BA","og_description":"Salvador recebeu em janeiro uma incr\u00edvel unidade da gigante americana RE\/MAX. A bel\u00edssima loja franqueada RE\/MAX Movere, com sede no bairro Itapu\u00e3, estreou com muita for\u00e7a na regi\u00e3o, chancelada pela expertise de Bruno Carvalho Soares, experiente empres\u00e1rio do ramo imobili\u00e1rio.","og_url":"https:\/\/remaxba.com.br\/index.php\/2022\/08\/19\/conheca-a-re-max-movere-loja-franqueada-re-max-na-capital-baiana\/","og_site_name":"RE\/MAX BA","article_published_time":"2022-08-19T12:40:49+00:00","article_modified_time":"2022-09-01T12:41:25+00:00","og_image":[{"width":1150,"height":716,"url":"https:\/\/remaxba.com.br\/wp-content\/uploads\/2022\/09\/WhatsApp-Image-2022-08-24-at-13.24.34-1.jpeg","type":"image\/jpeg"}],"author":"admin","twitter_card":"summary_large_image","twitter_misc":{"Escrito por":"admin","Est. tempo de leitura":"6 minutos"},"schema":{"@context":"https:\/\/schema.org","@graph":[{"@type":"Article","@id":"https:\/\/remaxba.com.br\/index.php\/2022\/08\/19\/conheca-a-re-max-movere-loja-franqueada-re-max-na-capital-baiana\/#article","isPartOf":{"@id":"https:\/\/remaxba.com.br\/index.php\/2022\/08\/19\/conheca-a-re-max-movere-loja-franqueada-re-max-na-capital-baiana\/"},"author":{"name":"admin","@id":"https:\/\/remaxba.com.br\/#\/schema\/person\/b255d3fb92692e52ab905369f0c2dfb0"},"headline":"CONHE\u00c7A A RE\/MAX MOVERE, LOJA FRANQUEADA RE\/MAX NA CAPITAL BAIANA","datePublished":"2022-08-19T12:40:49+00:00","dateModified":"2022-09-01T12:41:25+00:00","mainEntityOfPage":{"@id":"https:\/\/remaxba.com.br\/index.php\/2022\/08\/19\/conheca-a-re-max-movere-loja-franqueada-re-max-na-capital-baiana\/"},"wordCount":1055,"commentCount":0,"image":{"@id":"https:\/\/remaxba.com.br\/index.php\/2022\/08\/19\/conheca-a-re-max-movere-loja-franqueada-re-max-na-capital-baiana\/#primaryimage"},"thumbnailUrl":"https:\/\/remaxba.com.br\/wp-content\/uploads\/2022\/09\/WhatsApp-Image-2022-08-24-at-13.24.34-1.jpeg","articleSection":["Uncategorized"],"inLanguage":"pt-BR","potentialAction":[{"@type":"CommentAction","name":"Comment","target":["https:\/\/remaxba.com.br\/index.php\/2022\/08\/19\/conheca-a-re-max-movere-loja-franqueada-re-max-na-capital-baiana\/#respond"]}]},{"@type":"WebPage","@id":"https:\/\/remaxba.com.br\/index.php\/2022\/08\/19\/conheca-a-re-max-movere-loja-franqueada-re-max-na-capital-baiana\/","url":"https:\/\/remaxba.com.br\/index.php\/2022\/08\/19\/conheca-a-re-max-movere-loja-franqueada-re-max-na-capital-baiana\/","name":"CONHE\u00c7A A RE\/MAX MOVERE, LOJA FRANQUEADA RE\/MAX NA CAPITAL BAIANA - RE\/MAX BA","isPartOf":{"@id":"https:\/\/remaxba.com.br\/#website"},"primaryImageOfPage":{"@id":"https:\/\/remaxba.com.br\/index.php\/2022\/08\/19\/conheca-a-re-max-movere-loja-franqueada-re-max-na-capital-baiana\/#primaryimage"},"image":{"@id":"https:\/\/remaxba.com.br\/index.php\/2022\/08\/19\/conheca-a-re-max-movere-loja-franqueada-re-max-na-capital-baiana\/#primaryimage"},"thumbnailUrl":"https:\/\/remaxba.com.br\/wp-content\/uploads\/2022\/09\/WhatsApp-Image-2022-08-24-at-13.24.34-1.jpeg","datePublished":"2022-08-19T12:40:49+00:00","dateModified":"2022-09-01T12:41:25+00:00","author":{"@id":"https:\/\/remaxba.com.br\/#\/schema\/person\/b255d3fb92692e52ab905369f0c2dfb0"},"breadcrumb":{"@id":"https:\/\/remaxba.com.br\/index.php\/2022\/08\/19\/conheca-a-re-max-movere-loja-franqueada-re-max-na-capital-baiana\/#breadcrumb"},"inLanguage":"pt-BR","potentialAction":[{"@type":"ReadAction","target":["https:\/\/remaxba.com.br\/index.php\/2022\/08\/19\/conheca-a-re-max-movere-loja-franqueada-re-max-na-capital-baiana\/"]}]},{"@type":"ImageObject","inLanguage":"pt-BR","@id":"https:\/\/remaxba.com.br\/index.php\/2022\/08\/19\/conheca-a-re-max-movere-loja-franqueada-re-max-na-capital-baiana\/#primaryimage","url":"https:\/\/remaxba.com.br\/wp-content\/uploads\/2022\/09\/WhatsApp-Image-2022-08-24-at-13.24.34-1.jpeg","contentUrl":"https:\/\/remaxba.com.br\/wp-content\/uploads\/2022\/09\/WhatsApp-Image-2022-08-24-at-13.24.34-1.jpeg","width":1150,"height":716},{"@type":"BreadcrumbList","@id":"https:\/\/remaxba.com.br\/index.php\/2022\/08\/19\/conheca-a-re-max-movere-loja-franqueada-re-max-na-capital-baiana\/#breadcrumb","itemListElement":[{"@type":"ListItem","position":1,"name":"In\u00edcio","item":"https:\/\/remaxba.com.br\/"},{"@type":"ListItem","position":2,"name":"CONHE\u00c7A A RE\/MAX MOVERE, LOJA FRANQUEADA RE\/MAX NA CAPITAL BAIANA"}]},{"@type":"WebSite","@id":"https:\/\/remaxba.com.br\/#website","url":"https:\/\/remaxba.com.br\/","name":"RE\/MAX BA","description":"","potentialAction":[{"@type":"SearchAction","target":{"@type":"EntryPoint","urlTemplate":"https:\/\/remaxba.com.br\/?s={search_term_string}"},"query-input":{"@type":"PropertyValueSpecification","valueRequired":true,"valueName":"search_term_string"}}],"inLanguage":"pt-BR"},{"@type":"Person","@id":"https:\/\/remaxba.com.br\/#\/schema\/person\/b255d3fb92692e52ab905369f0c2dfb0","name":"admin","image":{"@type":"ImageObject","inLanguage":"pt-BR","@id":"https:\/\/secure.gravatar.com\/avatar\/5020d0d7d8f76d564a9cdeef6d96a35d93fb243f6fdfa63712f4f538b95f10e5?s=96&d=mm&r=g","url":"https:\/\/secure.gravatar.com\/avatar\/5020d0d7d8f76d564a9cdeef6d96a35d93fb243f6fdfa63712f4f538b95f10e5?s=96&d=mm&r=g","contentUrl":"https:\/\/secure.gravatar.com\/avatar\/5020d0d7d8f76d564a9cdeef6d96a35d93fb243f6fdfa63712f4f538b95f10e5?s=96&d=mm&r=g","caption":"admin"},"sameAs":["https:\/\/remaxba.com.br"],"url":"https:\/\/remaxba.com.br\/index.php\/author\/remaxba\/"}]}},"_links":{"self":[{"href":"https:\/\/remaxba.com.br\/index.php\/wp-json\/wp\/v2\/posts\/853","targetHints":{"allow":["GET"]}}],"collection":[{"href":"https:\/\/remaxba.com.br\/index.php\/wp-json\/wp\/v2\/posts"}],"about":[{"href":"https:\/\/remaxba.com.br\/index.php\/wp-json\/wp\/v2\/types\/post"}],"author":[{"embeddable":true,"href":"https:\/\/remaxba.com.br\/index.php\/wp-json\/wp\/v2\/users\/1"}],"replies":[{"embeddable":true,"href":"https:\/\/remaxba.com.br\/index.php\/wp-json\/wp\/v2\/comments?post=853"}],"version-history":[{"count":3,"href":"https:\/\/remaxba.com.br\/index.php\/wp-json\/wp\/v2\/posts\/853\/revisions"}],"predecessor-version":[{"id":857,"href":"https:\/\/remaxba.com.br\/index.php\/wp-json\/wp\/v2\/posts\/853\/revisions\/857"}],"wp:featuredmedia":[{"embeddable":true,"href":"https:\/\/remaxba.com.br\/index.php\/wp-json\/wp\/v2\/media\/856"}],"wp:attachment":[{"href":"https:\/\/remaxba.com.br\/index.php\/wp-json\/wp\/v2\/media?parent=853"}],"wp:term":[{"taxonomy":"category","embeddable":true,"href":"https:\/\/remaxba.com.br\/index.php\/wp-json\/wp\/v2\/categories?post=853"},{"taxonomy":"post_tag","embeddable":true,"href":"https:\/\/remaxba.com.br\/index.php\/wp-json\/wp\/v2\/tags?post=853"}],"curies":[{"name":"wp","href":"https:\/\/api.w.org\/{rel}","templated":true}]}}