{"id":836,"date":"2022-08-05T11:50:54","date_gmt":"2022-08-05T11:50:54","guid":{"rendered":"https:\/\/remaxba.com.br\/?p=836"},"modified":"2022-09-02T17:10:47","modified_gmt":"2022-09-02T17:10:47","slug":"re-max-vida-uma-conversao-de-sucesso-na-capital-baiana","status":"publish","type":"post","link":"https:\/\/remaxba.com.br\/index.php\/2022\/08\/05\/re-max-vida-uma-conversao-de-sucesso-na-capital-baiana\/","title":{"rendered":"RE\/MAX VIDA: UMA CONVERS\u00c3O DE SUCESSO NA CAPITAL BAIANA"},"content":{"rendered":"\n<p>Desde 20 de mar\u00e7o de 2020, o bairro Caminho das \u00c1rvores &#8211; na regi\u00e3o central de Salvador, conta com uma unidade da maior rede de imobili\u00e1rias do mundo, a RE\/MAX. A Raymundo Andrade Im\u00f3veis passou pelo processo de convers\u00e3o, mudando seu nome para RE\/MAX VIDA.<\/p>\n\n\n\n<p>\u00c0 frente da opera\u00e7\u00e3o est\u00e3o os empres\u00e1rios Rodolfo Cesar de Andrade, Bel\u00edria de Andrade, Ingrid Eliane de Andrade e Ivana L\u00edrian de Andrade.<\/p>\n\n\n\n<figure class=\"wp-block-image size-full\"><img loading=\"lazy\" decoding=\"async\" width=\"779\" height=\"619\" src=\"https:\/\/remaxba.com.br\/wp-content\/uploads\/2022\/09\/1-6.png\" alt=\"\" class=\"wp-image-842\" srcset=\"https:\/\/remaxba.com.br\/wp-content\/uploads\/2022\/09\/1-6.png 779w, https:\/\/remaxba.com.br\/wp-content\/uploads\/2022\/09\/1-6-480x381.png 480w\" sizes=\"(min-width: 0px) and (max-width: 480px) 480px, (min-width: 481px) 779px, 100vw\" \/><\/figure>\n\n\n\n<h2 class=\"wp-block-heading\"><strong>SOBRE OS FRANQUEADOS<\/strong><\/h2>\n\n\n\n<p>Uma empresa familiar, fundada em 1986, pelo pai de Rodolfo, Sr. Raymundo Andrade, que faleceu em janeiro de 2017.&nbsp;<\/p>\n\n\n\n<p><\/p>\n\n\n\n<p><strong>RODOLFO CESAR DE ANDRADE<\/strong><\/p>\n\n\n\n<p>Rodolfo \u00e9 Engenheiro Mec\u00e2nico com p\u00f3s-gradua\u00e7\u00e3o em Gest\u00e3o em Administra\u00e7\u00e3o.<\/p>\n\n\n\n<p>Possui larga experi\u00eancia e atua\u00e7\u00e3o multidisciplinar &#8211; na \u00e1rea de neg\u00f3cios industriais, corretor e s\u00f3cio da empresa desde sua funda\u00e7\u00e3o, com atua\u00e7\u00e3o intermitente na imobili\u00e1ria.<\/p>\n\n\n\n<p>Ap\u00f3s o falecimento do s\u00f3cio-fundador, a gest\u00e3o total da empresa passou a ser de responsabilidade \u00fanica.<\/p>\n\n\n\n<figure class=\"wp-block-image size-large\"><img loading=\"lazy\" decoding=\"async\" width=\"1024\" height=\"682\" src=\"https:\/\/remaxba.com.br\/wp-content\/uploads\/2022\/09\/WhatsApp-Image-2022-09-01-at-19.35.29-1024x682.jpeg\" alt=\"\" class=\"wp-image-882\" srcset=\"https:\/\/remaxba.com.br\/wp-content\/uploads\/2022\/09\/WhatsApp-Image-2022-09-01-at-19.35.29-1024x682.jpeg 1024w, https:\/\/remaxba.com.br\/wp-content\/uploads\/2022\/09\/WhatsApp-Image-2022-09-01-at-19.35.29-980x653.jpeg 980w, https:\/\/remaxba.com.br\/wp-content\/uploads\/2022\/09\/WhatsApp-Image-2022-09-01-at-19.35.29-480x320.jpeg 480w\" sizes=\"(min-width: 0px) and (max-width: 480px) 480px, (min-width: 481px) and (max-width: 980px) 980px, (min-width: 981px) 1024px, 100vw\" \/><\/figure>\n\n\n\n<p><\/p>\n\n\n\n<p><strong>IVANA L\u00cdRIAN DE ANDRADE<\/strong><\/p>\n\n\n\n<p>Ivana \u00e9 Pedagoga, filha do fundador, professora de ingl\u00eas e atua na empresa como Broker, voltada para a \u00e1rea de recrutamento, treinamento e reten\u00e7\u00e3o dos corretores, bem como na \u00e1rea comercial &#8211; aluguel e vendas.<\/p>\n\n\n\n<figure class=\"wp-block-image size-large\"><img loading=\"lazy\" decoding=\"async\" width=\"1024\" height=\"682\" src=\"https:\/\/remaxba.com.br\/wp-content\/uploads\/2022\/09\/WhatsApp-Image-2022-09-01-at-19.35.02-1024x682.jpeg\" alt=\"\" class=\"wp-image-884\" srcset=\"https:\/\/remaxba.com.br\/wp-content\/uploads\/2022\/09\/WhatsApp-Image-2022-09-01-at-19.35.02-1024x682.jpeg 1024w, https:\/\/remaxba.com.br\/wp-content\/uploads\/2022\/09\/WhatsApp-Image-2022-09-01-at-19.35.02-980x653.jpeg 980w, https:\/\/remaxba.com.br\/wp-content\/uploads\/2022\/09\/WhatsApp-Image-2022-09-01-at-19.35.02-480x320.jpeg 480w\" sizes=\"(min-width: 0px) and (max-width: 480px) 480px, (min-width: 481px) and (max-width: 980px) 980px, (min-width: 981px) 1024px, 100vw\" \/><\/figure>\n\n\n\n<p><\/p>\n\n\n\n<p><strong>BEL\u00cdRIA DE ANDRADE<\/strong><\/p>\n\n\n\n<p>Bel\u00edria \u00e9 Enfermeira aposentada, esposa do Sr. Raymundo Andrade e s\u00f3cia devido a divis\u00e3o da empresa entre os herdeiros. N\u00e3o participa da gest\u00e3o da empresa.<\/p>\n\n\n\n<p><\/p>\n\n\n\n<p><strong>INGRID ELIANE DE ANDRADE<\/strong><\/p>\n\n\n\n<p>Ingrid \u00e9 Pedagoga, filha do fundador, assim como Bel\u00edria, \u00e9 s\u00f3cia devido a divis\u00e3o da empresa entre os herdeiros. N\u00e3o participa da gest\u00e3o da empresa e tem atividade pr\u00f3pria na \u00e1rea p\u00fablica.<\/p>\n\n\n\n<p><\/p>\n\n\n\n<p><\/p>\n\n\n\n<h2 class=\"wp-block-heading\"><strong>CONVERS\u00c3O RE\/MAX<\/strong><\/h2>\n\n\n\n<p>Com grande expertise em processos de gest\u00e3o de aluguel, os s\u00f3cios contam que a convers\u00e3o para RE\/MAX se deu devido a necessidade de modificar o portf\u00f3lio da empresa para uma empresa de vendas de im\u00f3veis, diminuindo a participa\u00e7\u00e3o da depend\u00eancia produto\/loca\u00e7\u00e3o.<\/p>\n\n\n\n<blockquote class=\"wp-block-quote is-layout-flow wp-block-quote-is-layout-flow\"><p>&#8220;A empresa, com atua\u00e7\u00e3o no mercado desde 1986, chamava-se Raymundo Andrade Im\u00f3veis. Acredit\u00e1vamos possuir forte potencial de alavancagem de vendas de im\u00f3veis, podendo trabalhar fortemente a carteira existente e o nosso nome no mercado. Assim surgiu a ideia de convers\u00e3o.&#8221;<br><strong>Franqueados RE\/MAX Vida<\/strong><\/p><\/blockquote>\n\n\n\n<h2 class=\"wp-block-heading\"><strong>RE\/MAX VIDA<\/strong><\/h2>\n\n\n\n<p>Foi a\u00ed que conheceram o modelo de neg\u00f3cio RE\/MAX, que veio no momento certo, totalmente ao encontro do que buscavam.<\/p>\n\n\n\n<blockquote class=\"wp-block-quote is-layout-flow wp-block-quote-is-layout-flow\"><p>&#8220;Fomos apresentados ao modelo RE\/MAX, metodologia de trabalho da rede, resultados conquistados no mercado baiano e nacional. Vimos que tudo ali vinha de encontro aos nossos princ\u00edpios e metas &#8211; grandes oportunidades de neg\u00f3cios e crescimento profissional para as pessoas que realmente buscam por maiores objetivos.&#8221;<br><strong>Franqueados RE\/MAX Vida<\/strong><\/p><\/blockquote>\n\n\n\n<p>A RE\/MAX Vida foi inaugurada oficialmente em mar\u00e7o de 2020. O bel\u00edssimo escrit\u00f3rio tem 80 m2 e est\u00e1 localizado no novo centro econ\u00f4mico e financeiro de Salvador &#8211; Av. Tancredo Neves, 274, salas 713-714 , Bloca A, Centro Empresarial Iguatemi, bairro Caminho das \u00c1rvores.<\/p>\n\n\n\n<h2 class=\"wp-block-heading\"><strong>OPERA\u00c7\u00c3O<\/strong><\/h2>\n\n\n\n<p>Acreditando no trabalho \u00e1rduo, foco e empreendedorismo, os profissionais est\u00e3o sempre em busca de qualifica\u00e7\u00e3o e inova\u00e7\u00e3o, com objetivo de revolucionar o mercado imobili\u00e1rio da Bahia junto \u00e0 gigante americana. Para eles, entregar o m\u00e1ximo servi\u00e7o, superando as expectativas dos clientes, est\u00e1 na pauta di\u00e1ria das atividades.<\/p>\n\n\n\n<blockquote class=\"wp-block-quote is-layout-flow wp-block-quote-is-layout-flow\"><p>&#8220;Os conceitos existentes e trabalhados dentro do modelo RE\/MAX, dentre os quais, posicionamento, foco de atua\u00e7\u00e3o, treinamento, bem como os valores da companhia nos impulsionam a acreditar e apostar no modelo, seguindo \u00e0 risca a metodologia de trabalho. Acreditamos na sinergia com nossa empresa.&#8221;<br><strong>Franqueados RE\/MAX Vida<\/strong><\/p><\/blockquote>\n\n\n\n<h2 class=\"wp-block-heading\"><strong>TODOS GANHAM<\/strong><\/h2>\n\n\n\n<p>Os s\u00f3cios seguem o dia a dia da opera\u00e7\u00e3o com o lema &#8220;todos ganham&#8221;.<\/p>\n\n\n\n<p>A RE\/MAX Vida vem realizando internamente in\u00fameras capacita\u00e7\u00f5es e treinamentos do time, estabelecendo parcerias comerciais com o mercado, al\u00e9m de apostar em vantagens competitivas e novas frentes de inova\u00e7\u00e3o.<\/p>\n\n\n\n<p>Os profissionais est\u00e3o permanentemente investindo em conhecimento, capacita\u00e7\u00e3o e treinamentos, para consolidar cada vez mais a metodologia de trabalho revolucion\u00e1ria da rede que mais vende im\u00f3veis no mundo.<\/p>\n\n\n\n<blockquote class=\"wp-block-quote is-layout-flow wp-block-quote-is-layout-flow\"><p>&#8220;Estamos trabalhando arduamente para proporcionar um servi\u00e7o de excel\u00eancia a n\u00edvel mundial. Acreditamos nas pessoas, no know-how da RE\/MAX e na educa\u00e7\u00e3o corporativa continuada, atrav\u00e9s dos treinamentos, reuni\u00f5es e integra\u00e7\u00f5es entre as franquias da rede.&#8221;<br><strong>Franqueados RE\/MAX Vida<\/strong><\/p><\/blockquote>\n\n\n\n<h2 class=\"wp-block-heading\"><strong>2022<\/strong><\/h2>\n\n\n\n<p>O sucesso de desenvolvimento e performance est\u00e3o diretamente atrelados ao planejamento estrat\u00e9gico, muito bem estruturado e definido desde o in\u00edcio da convers\u00e3o.<\/p>\n\n\n\n<p>Desde l\u00e1 os s\u00f3cios possuem muito claras as metas e resultados almejados para cada ano.<\/p>\n\n\n\n<p>Para 2022, o maior objetivo a ser atingido \u00e9 concluir a transfer\u00eancia para escrit\u00f3rio pr\u00f3prio, com fortes investimentos na modifica\u00e7\u00e3o do mobili\u00e1rio atual.<\/p>\n\n\n\n<p>Igualmente, repagina\u00e7\u00e3o da comunica\u00e7\u00e3o visual da empresa, aumento consider\u00e1vel de oferta de internet e recursos est\u00e3o entre as pr\u00f3ximas a\u00e7\u00f5es.<\/p>\n\n\n\n<p>Passos firmes e estrat\u00e9gicos, visando sempre a consolida\u00e7\u00e3o de um expressivo aumento da equipe de vendas. Um time de alta performance que veio definitivamente para somar, crescer e proporcionar excelentes neg\u00f3cios para todos os envolvidos na opera\u00e7\u00e3o.<\/p>\n\n\n\n<p><\/p>\n\n\n\n<blockquote class=\"wp-block-quote is-layout-flow wp-block-quote-is-layout-flow\"><p>&#8220;2022 est\u00e1 sendo um ano muito marcante para todos n\u00f3s! Nosso time est\u00e1 crescendo ainda mais, estamos aumentando exponencialmente o volume de transa\u00e7\u00f5es, celebrando o fechamento de excelentes neg\u00f3cios, planejando mudan\u00e7as na sede e claro, trabalhando com foco e dedica\u00e7\u00e3o para alcan\u00e7armos excelentes categorias e premia\u00e7\u00f5es, objetivando ser exemplo de opera\u00e7\u00e3o de sucesso dentro da RE\/MAX Brasil. Agradecemos a todos os corretores pela dedica\u00e7\u00e3o, aos nossos parceiros imobili\u00e1rios pelos im\u00f3veis comercializados juntos e clientes pela confian\u00e7a em nosso trabalho.&#8221;<br><strong>Franqueados RE\/MAX Vida<\/strong><\/p><\/blockquote>\n\n\n\n<figure class=\"wp-block-image size-large\"><img loading=\"lazy\" decoding=\"async\" width=\"1024\" height=\"819\" src=\"https:\/\/remaxba.com.br\/wp-content\/uploads\/2022\/09\/WhatsApp-Image-2022-08-23-at-16.09.22-1-1024x819.jpeg\" alt=\"\" class=\"wp-image-879\" srcset=\"https:\/\/remaxba.com.br\/wp-content\/uploads\/2022\/09\/WhatsApp-Image-2022-08-23-at-16.09.22-1-980x784.jpeg 980w, https:\/\/remaxba.com.br\/wp-content\/uploads\/2022\/09\/WhatsApp-Image-2022-08-23-at-16.09.22-1-480x384.jpeg 480w\" sizes=\"(min-width: 0px) and (max-width: 480px) 480px, (min-width: 481px) and (max-width: 980px) 980px, (min-width: 981px) 1024px, 100vw\" \/><\/figure>\n","protected":false},"excerpt":{"rendered":"<p>Desde 20 de mar\u00e7o de 2020, o bairro Caminho das \u00c1rvores &#8211; na regi\u00e3o central de Salvador, conta com uma unidade da maior rede de imobili\u00e1rias do mundo, a RE\/MAX. A Raymundo Andrade Im\u00f3veis passou pelo processo de convers\u00e3o, mudando seu nome para RE\/MAX VIDA.<\/p>\n","protected":false},"author":1,"featured_media":891,"comment_status":"open","ping_status":"open","sticky":false,"template":"","format":"standard","meta":{"_et_pb_use_builder":"","_et_pb_old_content":"","_et_gb_content_width":"","inline_featured_image":false,"footnotes":""},"categories":[1],"tags":[],"class_list":["post-836","post","type-post","status-publish","format-standard","has-post-thumbnail","hentry","category-uncategorized"],"yoast_head":"<!-- This site is optimized with the Yoast SEO plugin v27.5 - https:\/\/yoast.com\/product\/yoast-seo-wordpress\/ -->\n<title>RE\/MAX VIDA: UMA CONVERS\u00c3O DE SUCESSO NA CAPITAL BAIANA - RE\/MAX BA<\/title>\n<meta name=\"robots\" content=\"index, follow, max-snippet:-1, max-image-preview:large, max-video-preview:-1\" \/>\n<link rel=\"canonical\" href=\"https:\/\/remaxba.com.br\/index.php\/2022\/08\/05\/re-max-vida-uma-conversao-de-sucesso-na-capital-baiana\/\" \/>\n<meta property=\"og:locale\" content=\"pt_BR\" \/>\n<meta property=\"og:type\" content=\"article\" \/>\n<meta property=\"og:title\" content=\"RE\/MAX VIDA: UMA CONVERS\u00c3O DE SUCESSO NA CAPITAL BAIANA - RE\/MAX BA\" \/>\n<meta property=\"og:description\" content=\"Desde 20 de mar\u00e7o de 2020, o bairro Caminho das \u00c1rvores - na regi\u00e3o central de Salvador, conta com uma unidade da maior rede de imobili\u00e1rias do mundo, a RE\/MAX. A Raymundo Andrade Im\u00f3veis passou pelo processo de convers\u00e3o, mudando seu nome para RE\/MAX VIDA.\" \/>\n<meta property=\"og:url\" content=\"https:\/\/remaxba.com.br\/index.php\/2022\/08\/05\/re-max-vida-uma-conversao-de-sucesso-na-capital-baiana\/\" \/>\n<meta property=\"og:site_name\" content=\"RE\/MAX BA\" \/>\n<meta property=\"article:published_time\" content=\"2022-08-05T11:50:54+00:00\" \/>\n<meta property=\"article:modified_time\" content=\"2022-09-02T17:10:47+00:00\" \/>\n<meta property=\"og:image\" content=\"https:\/\/remaxba.com.br\/wp-content\/uploads\/2022\/08\/2.09.jpg\" \/>\n\t<meta property=\"og:image:width\" content=\"750\" \/>\n\t<meta property=\"og:image:height\" content=\"300\" \/>\n\t<meta property=\"og:image:type\" content=\"image\/jpeg\" \/>\n<meta name=\"author\" content=\"admin\" \/>\n<meta name=\"twitter:card\" content=\"summary_large_image\" \/>\n<meta name=\"twitter:label1\" content=\"Escrito por\" \/>\n\t<meta name=\"twitter:data1\" content=\"admin\" \/>\n\t<meta name=\"twitter:label2\" content=\"Est. tempo de leitura\" \/>\n\t<meta name=\"twitter:data2\" content=\"6 minutos\" \/>\n<script type=\"application\/ld+json\" class=\"yoast-schema-graph\">{\"@context\":\"https:\\\/\\\/schema.org\",\"@graph\":[{\"@type\":\"Article\",\"@id\":\"https:\\\/\\\/remaxba.com.br\\\/index.php\\\/2022\\\/08\\\/05\\\/re-max-vida-uma-conversao-de-sucesso-na-capital-baiana\\\/#article\",\"isPartOf\":{\"@id\":\"https:\\\/\\\/remaxba.com.br\\\/index.php\\\/2022\\\/08\\\/05\\\/re-max-vida-uma-conversao-de-sucesso-na-capital-baiana\\\/\"},\"author\":{\"name\":\"admin\",\"@id\":\"https:\\\/\\\/remaxba.com.br\\\/#\\\/schema\\\/person\\\/b255d3fb92692e52ab905369f0c2dfb0\"},\"headline\":\"RE\\\/MAX VIDA: UMA CONVERS\u00c3O DE SUCESSO NA CAPITAL BAIANA\",\"datePublished\":\"2022-08-05T11:50:54+00:00\",\"dateModified\":\"2022-09-02T17:10:47+00:00\",\"mainEntityOfPage\":{\"@id\":\"https:\\\/\\\/remaxba.com.br\\\/index.php\\\/2022\\\/08\\\/05\\\/re-max-vida-uma-conversao-de-sucesso-na-capital-baiana\\\/\"},\"wordCount\":984,\"commentCount\":0,\"image\":{\"@id\":\"https:\\\/\\\/remaxba.com.br\\\/index.php\\\/2022\\\/08\\\/05\\\/re-max-vida-uma-conversao-de-sucesso-na-capital-baiana\\\/#primaryimage\"},\"thumbnailUrl\":\"https:\\\/\\\/remaxba.com.br\\\/wp-content\\\/uploads\\\/2022\\\/08\\\/2.09.jpg\",\"articleSection\":[\"Uncategorized\"],\"inLanguage\":\"pt-BR\",\"potentialAction\":[{\"@type\":\"CommentAction\",\"name\":\"Comment\",\"target\":[\"https:\\\/\\\/remaxba.com.br\\\/index.php\\\/2022\\\/08\\\/05\\\/re-max-vida-uma-conversao-de-sucesso-na-capital-baiana\\\/#respond\"]}]},{\"@type\":\"WebPage\",\"@id\":\"https:\\\/\\\/remaxba.com.br\\\/index.php\\\/2022\\\/08\\\/05\\\/re-max-vida-uma-conversao-de-sucesso-na-capital-baiana\\\/\",\"url\":\"https:\\\/\\\/remaxba.com.br\\\/index.php\\\/2022\\\/08\\\/05\\\/re-max-vida-uma-conversao-de-sucesso-na-capital-baiana\\\/\",\"name\":\"RE\\\/MAX VIDA: UMA CONVERS\u00c3O DE SUCESSO NA CAPITAL BAIANA - RE\\\/MAX BA\",\"isPartOf\":{\"@id\":\"https:\\\/\\\/remaxba.com.br\\\/#website\"},\"primaryImageOfPage\":{\"@id\":\"https:\\\/\\\/remaxba.com.br\\\/index.php\\\/2022\\\/08\\\/05\\\/re-max-vida-uma-conversao-de-sucesso-na-capital-baiana\\\/#primaryimage\"},\"image\":{\"@id\":\"https:\\\/\\\/remaxba.com.br\\\/index.php\\\/2022\\\/08\\\/05\\\/re-max-vida-uma-conversao-de-sucesso-na-capital-baiana\\\/#primaryimage\"},\"thumbnailUrl\":\"https:\\\/\\\/remaxba.com.br\\\/wp-content\\\/uploads\\\/2022\\\/08\\\/2.09.jpg\",\"datePublished\":\"2022-08-05T11:50:54+00:00\",\"dateModified\":\"2022-09-02T17:10:47+00:00\",\"author\":{\"@id\":\"https:\\\/\\\/remaxba.com.br\\\/#\\\/schema\\\/person\\\/b255d3fb92692e52ab905369f0c2dfb0\"},\"breadcrumb\":{\"@id\":\"https:\\\/\\\/remaxba.com.br\\\/index.php\\\/2022\\\/08\\\/05\\\/re-max-vida-uma-conversao-de-sucesso-na-capital-baiana\\\/#breadcrumb\"},\"inLanguage\":\"pt-BR\",\"potentialAction\":[{\"@type\":\"ReadAction\",\"target\":[\"https:\\\/\\\/remaxba.com.br\\\/index.php\\\/2022\\\/08\\\/05\\\/re-max-vida-uma-conversao-de-sucesso-na-capital-baiana\\\/\"]}]},{\"@type\":\"ImageObject\",\"inLanguage\":\"pt-BR\",\"@id\":\"https:\\\/\\\/remaxba.com.br\\\/index.php\\\/2022\\\/08\\\/05\\\/re-max-vida-uma-conversao-de-sucesso-na-capital-baiana\\\/#primaryimage\",\"url\":\"https:\\\/\\\/remaxba.com.br\\\/wp-content\\\/uploads\\\/2022\\\/08\\\/2.09.jpg\",\"contentUrl\":\"https:\\\/\\\/remaxba.com.br\\\/wp-content\\\/uploads\\\/2022\\\/08\\\/2.09.jpg\",\"width\":750,\"height\":300},{\"@type\":\"BreadcrumbList\",\"@id\":\"https:\\\/\\\/remaxba.com.br\\\/index.php\\\/2022\\\/08\\\/05\\\/re-max-vida-uma-conversao-de-sucesso-na-capital-baiana\\\/#breadcrumb\",\"itemListElement\":[{\"@type\":\"ListItem\",\"position\":1,\"name\":\"In\u00edcio\",\"item\":\"https:\\\/\\\/remaxba.com.br\\\/\"},{\"@type\":\"ListItem\",\"position\":2,\"name\":\"RE\\\/MAX VIDA: UMA CONVERS\u00c3O DE SUCESSO NA CAPITAL BAIANA\"}]},{\"@type\":\"WebSite\",\"@id\":\"https:\\\/\\\/remaxba.com.br\\\/#website\",\"url\":\"https:\\\/\\\/remaxba.com.br\\\/\",\"name\":\"RE\\\/MAX BA\",\"description\":\"\",\"potentialAction\":[{\"@type\":\"SearchAction\",\"target\":{\"@type\":\"EntryPoint\",\"urlTemplate\":\"https:\\\/\\\/remaxba.com.br\\\/?s={search_term_string}\"},\"query-input\":{\"@type\":\"PropertyValueSpecification\",\"valueRequired\":true,\"valueName\":\"search_term_string\"}}],\"inLanguage\":\"pt-BR\"},{\"@type\":\"Person\",\"@id\":\"https:\\\/\\\/remaxba.com.br\\\/#\\\/schema\\\/person\\\/b255d3fb92692e52ab905369f0c2dfb0\",\"name\":\"admin\",\"image\":{\"@type\":\"ImageObject\",\"inLanguage\":\"pt-BR\",\"@id\":\"https:\\\/\\\/secure.gravatar.com\\\/avatar\\\/5020d0d7d8f76d564a9cdeef6d96a35d93fb243f6fdfa63712f4f538b95f10e5?s=96&d=mm&r=g\",\"url\":\"https:\\\/\\\/secure.gravatar.com\\\/avatar\\\/5020d0d7d8f76d564a9cdeef6d96a35d93fb243f6fdfa63712f4f538b95f10e5?s=96&d=mm&r=g\",\"contentUrl\":\"https:\\\/\\\/secure.gravatar.com\\\/avatar\\\/5020d0d7d8f76d564a9cdeef6d96a35d93fb243f6fdfa63712f4f538b95f10e5?s=96&d=mm&r=g\",\"caption\":\"admin\"},\"sameAs\":[\"https:\\\/\\\/remaxba.com.br\"],\"url\":\"https:\\\/\\\/remaxba.com.br\\\/index.php\\\/author\\\/remaxba\\\/\"}]}<\/script>\n<!-- \/ Yoast SEO plugin. -->","yoast_head_json":{"title":"RE\/MAX VIDA: UMA CONVERS\u00c3O DE SUCESSO NA CAPITAL BAIANA - RE\/MAX BA","robots":{"index":"index","follow":"follow","max-snippet":"max-snippet:-1","max-image-preview":"max-image-preview:large","max-video-preview":"max-video-preview:-1"},"canonical":"https:\/\/remaxba.com.br\/index.php\/2022\/08\/05\/re-max-vida-uma-conversao-de-sucesso-na-capital-baiana\/","og_locale":"pt_BR","og_type":"article","og_title":"RE\/MAX VIDA: UMA CONVERS\u00c3O DE SUCESSO NA CAPITAL BAIANA - RE\/MAX BA","og_description":"Desde 20 de mar\u00e7o de 2020, o bairro Caminho das \u00c1rvores - na regi\u00e3o central de Salvador, conta com uma unidade da maior rede de imobili\u00e1rias do mundo, a RE\/MAX. A Raymundo Andrade Im\u00f3veis passou pelo processo de convers\u00e3o, mudando seu nome para RE\/MAX VIDA.","og_url":"https:\/\/remaxba.com.br\/index.php\/2022\/08\/05\/re-max-vida-uma-conversao-de-sucesso-na-capital-baiana\/","og_site_name":"RE\/MAX BA","article_published_time":"2022-08-05T11:50:54+00:00","article_modified_time":"2022-09-02T17:10:47+00:00","og_image":[{"width":750,"height":300,"url":"https:\/\/remaxba.com.br\/wp-content\/uploads\/2022\/08\/2.09.jpg","type":"image\/jpeg"}],"author":"admin","twitter_card":"summary_large_image","twitter_misc":{"Escrito por":"admin","Est. tempo de leitura":"6 minutos"},"schema":{"@context":"https:\/\/schema.org","@graph":[{"@type":"Article","@id":"https:\/\/remaxba.com.br\/index.php\/2022\/08\/05\/re-max-vida-uma-conversao-de-sucesso-na-capital-baiana\/#article","isPartOf":{"@id":"https:\/\/remaxba.com.br\/index.php\/2022\/08\/05\/re-max-vida-uma-conversao-de-sucesso-na-capital-baiana\/"},"author":{"name":"admin","@id":"https:\/\/remaxba.com.br\/#\/schema\/person\/b255d3fb92692e52ab905369f0c2dfb0"},"headline":"RE\/MAX VIDA: UMA CONVERS\u00c3O DE SUCESSO NA CAPITAL BAIANA","datePublished":"2022-08-05T11:50:54+00:00","dateModified":"2022-09-02T17:10:47+00:00","mainEntityOfPage":{"@id":"https:\/\/remaxba.com.br\/index.php\/2022\/08\/05\/re-max-vida-uma-conversao-de-sucesso-na-capital-baiana\/"},"wordCount":984,"commentCount":0,"image":{"@id":"https:\/\/remaxba.com.br\/index.php\/2022\/08\/05\/re-max-vida-uma-conversao-de-sucesso-na-capital-baiana\/#primaryimage"},"thumbnailUrl":"https:\/\/remaxba.com.br\/wp-content\/uploads\/2022\/08\/2.09.jpg","articleSection":["Uncategorized"],"inLanguage":"pt-BR","potentialAction":[{"@type":"CommentAction","name":"Comment","target":["https:\/\/remaxba.com.br\/index.php\/2022\/08\/05\/re-max-vida-uma-conversao-de-sucesso-na-capital-baiana\/#respond"]}]},{"@type":"WebPage","@id":"https:\/\/remaxba.com.br\/index.php\/2022\/08\/05\/re-max-vida-uma-conversao-de-sucesso-na-capital-baiana\/","url":"https:\/\/remaxba.com.br\/index.php\/2022\/08\/05\/re-max-vida-uma-conversao-de-sucesso-na-capital-baiana\/","name":"RE\/MAX VIDA: UMA CONVERS\u00c3O DE SUCESSO NA CAPITAL BAIANA - RE\/MAX BA","isPartOf":{"@id":"https:\/\/remaxba.com.br\/#website"},"primaryImageOfPage":{"@id":"https:\/\/remaxba.com.br\/index.php\/2022\/08\/05\/re-max-vida-uma-conversao-de-sucesso-na-capital-baiana\/#primaryimage"},"image":{"@id":"https:\/\/remaxba.com.br\/index.php\/2022\/08\/05\/re-max-vida-uma-conversao-de-sucesso-na-capital-baiana\/#primaryimage"},"thumbnailUrl":"https:\/\/remaxba.com.br\/wp-content\/uploads\/2022\/08\/2.09.jpg","datePublished":"2022-08-05T11:50:54+00:00","dateModified":"2022-09-02T17:10:47+00:00","author":{"@id":"https:\/\/remaxba.com.br\/#\/schema\/person\/b255d3fb92692e52ab905369f0c2dfb0"},"breadcrumb":{"@id":"https:\/\/remaxba.com.br\/index.php\/2022\/08\/05\/re-max-vida-uma-conversao-de-sucesso-na-capital-baiana\/#breadcrumb"},"inLanguage":"pt-BR","potentialAction":[{"@type":"ReadAction","target":["https:\/\/remaxba.com.br\/index.php\/2022\/08\/05\/re-max-vida-uma-conversao-de-sucesso-na-capital-baiana\/"]}]},{"@type":"ImageObject","inLanguage":"pt-BR","@id":"https:\/\/remaxba.com.br\/index.php\/2022\/08\/05\/re-max-vida-uma-conversao-de-sucesso-na-capital-baiana\/#primaryimage","url":"https:\/\/remaxba.com.br\/wp-content\/uploads\/2022\/08\/2.09.jpg","contentUrl":"https:\/\/remaxba.com.br\/wp-content\/uploads\/2022\/08\/2.09.jpg","width":750,"height":300},{"@type":"BreadcrumbList","@id":"https:\/\/remaxba.com.br\/index.php\/2022\/08\/05\/re-max-vida-uma-conversao-de-sucesso-na-capital-baiana\/#breadcrumb","itemListElement":[{"@type":"ListItem","position":1,"name":"In\u00edcio","item":"https:\/\/remaxba.com.br\/"},{"@type":"ListItem","position":2,"name":"RE\/MAX VIDA: UMA CONVERS\u00c3O DE SUCESSO NA CAPITAL BAIANA"}]},{"@type":"WebSite","@id":"https:\/\/remaxba.com.br\/#website","url":"https:\/\/remaxba.com.br\/","name":"RE\/MAX BA","description":"","potentialAction":[{"@type":"SearchAction","target":{"@type":"EntryPoint","urlTemplate":"https:\/\/remaxba.com.br\/?s={search_term_string}"},"query-input":{"@type":"PropertyValueSpecification","valueRequired":true,"valueName":"search_term_string"}}],"inLanguage":"pt-BR"},{"@type":"Person","@id":"https:\/\/remaxba.com.br\/#\/schema\/person\/b255d3fb92692e52ab905369f0c2dfb0","name":"admin","image":{"@type":"ImageObject","inLanguage":"pt-BR","@id":"https:\/\/secure.gravatar.com\/avatar\/5020d0d7d8f76d564a9cdeef6d96a35d93fb243f6fdfa63712f4f538b95f10e5?s=96&d=mm&r=g","url":"https:\/\/secure.gravatar.com\/avatar\/5020d0d7d8f76d564a9cdeef6d96a35d93fb243f6fdfa63712f4f538b95f10e5?s=96&d=mm&r=g","contentUrl":"https:\/\/secure.gravatar.com\/avatar\/5020d0d7d8f76d564a9cdeef6d96a35d93fb243f6fdfa63712f4f538b95f10e5?s=96&d=mm&r=g","caption":"admin"},"sameAs":["https:\/\/remaxba.com.br"],"url":"https:\/\/remaxba.com.br\/index.php\/author\/remaxba\/"}]}},"_links":{"self":[{"href":"https:\/\/remaxba.com.br\/index.php\/wp-json\/wp\/v2\/posts\/836","targetHints":{"allow":["GET"]}}],"collection":[{"href":"https:\/\/remaxba.com.br\/index.php\/wp-json\/wp\/v2\/posts"}],"about":[{"href":"https:\/\/remaxba.com.br\/index.php\/wp-json\/wp\/v2\/types\/post"}],"author":[{"embeddable":true,"href":"https:\/\/remaxba.com.br\/index.php\/wp-json\/wp\/v2\/users\/1"}],"replies":[{"embeddable":true,"href":"https:\/\/remaxba.com.br\/index.php\/wp-json\/wp\/v2\/comments?post=836"}],"version-history":[{"count":8,"href":"https:\/\/remaxba.com.br\/index.php\/wp-json\/wp\/v2\/posts\/836\/revisions"}],"predecessor-version":[{"id":886,"href":"https:\/\/remaxba.com.br\/index.php\/wp-json\/wp\/v2\/posts\/836\/revisions\/886"}],"wp:featuredmedia":[{"embeddable":true,"href":"https:\/\/remaxba.com.br\/index.php\/wp-json\/wp\/v2\/media\/891"}],"wp:attachment":[{"href":"https:\/\/remaxba.com.br\/index.php\/wp-json\/wp\/v2\/media?parent=836"}],"wp:term":[{"taxonomy":"category","embeddable":true,"href":"https:\/\/remaxba.com.br\/index.php\/wp-json\/wp\/v2\/categories?post=836"},{"taxonomy":"post_tag","embeddable":true,"href":"https:\/\/remaxba.com.br\/index.php\/wp-json\/wp\/v2\/tags?post=836"}],"curies":[{"name":"wp","href":"https:\/\/api.w.org\/{rel}","templated":true}]}}