{"id":813,"date":"2022-07-22T18:22:52","date_gmt":"2022-07-22T18:22:52","guid":{"rendered":"https:\/\/remaxba.com.br\/?p=813"},"modified":"2022-07-29T18:25:00","modified_gmt":"2022-07-29T18:25:00","slug":"re-max-praiana-foco-na-gestao-exclusiva-e-maximo-servico","status":"publish","type":"post","link":"https:\/\/remaxba.com.br\/index.php\/2022\/07\/22\/re-max-praiana-foco-na-gestao-exclusiva-e-maximo-servico\/","title":{"rendered":"RE\/MAX PRAIANA: FOCO NA GEST\u00c3O EXCLUSIVA E M\u00c1XIMO SERVI\u00c7O"},"content":{"rendered":"\n<p>No post de hoje vamos apresentar mais uma das nossas incr\u00edveis lojas franqueadas: RE\/MAX Praiana, case de sucesso e destaque regional.<\/p>\n\n\n\n<p>Com sede na Avenida Principal de Itacimirim, loja 02, Bairro Itacimirim, Cama\u00e7ari, Bahia, a RE\/MAX Praiana abriu as portas em 25 de abril de 2021, atrav\u00e9s da uni\u00e3o de tr\u00eas profissionais experientes, dedicadas e obstinadas pela miss\u00e3o de transformar o mercado imobili\u00e1rio da Bahia.<\/p>\n\n\n\n<p>\u00c0 frente da opera\u00e7\u00e3o, o trio de peso e expertise: Sueli Santos Oliveira, Catarina Dantas de Almeida e La\u00edse Barbara Razera.<\/p>\n\n\n\n<h2 class=\"wp-block-heading\"><strong>SOBRE AS FRANQUEADAS<\/strong><\/h2>\n\n\n\n<p><strong>SUELI SANTOS OLIVEIRA<\/strong><\/p>\n\n\n\n<p>Sueli Santos Oliveira \u00e9 Corretora de Im\u00f3veis desde 2010, com atua\u00e7\u00e3o na Praia do Forte e regi\u00e3o.<\/p>\n\n\n\n<p>Natural de Rond\u00f4nia, optou por morar na Bahia em 2009, buscando melhor qualidade de vida e proximidade com a praia.<\/p>\n\n\n\n<p>Com grande experi\u00eancia na \u00e1rea comercial e forma\u00e7\u00e3o em Coaching, trabalha com vendas desde os 14 anos de idade.<\/p>\n\n\n\n<p><strong>CATARINA DANTAS DE ALMEIDA<\/strong><\/p>\n\n\n\n<p>Catarina Dantas de Almeida \u00e9 formada em Turismo pela UNIT em Aracaj\u00fa. Quando concluiu a Universidade iniciou sua trajet\u00f3ria no setor hoteleiro. Apaixonada por novidades, acabou mudando para a Bahia, para trabalhar na Costa do Sau\u00edpe, quando atrav\u00e9s de uma amiga, teve contato com o mercado imobili\u00e1rio e come\u00e7ou a trabalhar com im\u00f3veis, fazendo o curso de TTI (T\u00e9cnico em Transa\u00e7\u00f5es Imobili\u00e1rias).<\/p>\n\n\n\n<p>Inicialmente, trabalhou em uma ag\u00eancia na Praia do Forte e logo em seguida, abriu a pr\u00f3pria imobili\u00e1ria em Imbassa\u00ed.<\/p>\n\n\n\n<p>Em 2021, foi convidada por Sueli para juntas entrarem no mundo RE\/MAX, para fazer a revolu\u00e7\u00e3o no mercado imobili\u00e1rio na regi\u00e3o do litoral Norte da Bahia.<\/p>\n\n\n\n<p><strong>LA\u00cdSE BARBARA RAZERA<\/strong><\/p>\n\n\n\n<p>La\u00edse Barbara Razera, 37 anos, \u00e9 Baiana e conta que sempre teve os neg\u00f3cios no DNA, acreditando com veem\u00eancia que o empreendedorismo poderia dar prop\u00f3sito \u00e0s pessoas e ajudar a economia do pa\u00eds. Os pais sempre tiveram com\u00e9rcio e ela, desde muito pequena, presente com opini\u00f5es, sugest\u00f5es e participa\u00e7\u00e3o ativa em todas as decis\u00f5es.<\/p>\n\n\n\n<p>Com forma\u00e7\u00e3o em Turismo, logo ao cursar a faculdade compreendeu a import\u00e2ncia das conex\u00f5es, trocas entre culturas e respeito \u00e0s diferen\u00e7as. &#8220;Ao concluir a Universidade fui viver o turismo na Praia do Forte. O turismo \u00e9 muito parecido com o mercado imobili\u00e1rio, em especial no posicionamento. \u00c9 preciso planejar, se envolver de verdade para poder participar&#8221;, relata.<\/p>\n\n\n\n<p>Em 2008, tomou a decis\u00e3o de empreender no segmento de presta\u00e7\u00e3o de servi\u00e7os na \u00e1rea de tecnologia e em 2012, foi convidada a trabalhar como representante comercial em renomada empresa de telefonia &nbsp;em Salvador. A parceria deixou muitas li\u00e7\u00f5es profissionais e pessoais, at\u00e9 2020.<\/p>\n\n\n\n<p>Em 2021, foi convidada por Sueli para juntamente com Catarina, darem in\u00edcio aos investimentos na RE\/MAX Praiana, como franqueadas.<\/p>\n\n\n\n<figure class=\"wp-block-gallery has-nested-images columns-default is-cropped wp-block-gallery-1 is-layout-flex wp-block-gallery-is-layout-flex\">\n<figure class=\"wp-block-image size-large\"><img loading=\"lazy\" decoding=\"async\" width=\"1280\" height=\"853\" data-id=\"817\" src=\"https:\/\/remaxba.com.br\/wp-content\/uploads\/2022\/07\/WhatsApp-Image-2022-07-18-at-17.49.21-1-1.jpeg\" alt=\"\" class=\"wp-image-817\" srcset=\"https:\/\/remaxba.com.br\/wp-content\/uploads\/2022\/07\/WhatsApp-Image-2022-07-18-at-17.49.21-1-1.jpeg 1280w, https:\/\/remaxba.com.br\/wp-content\/uploads\/2022\/07\/WhatsApp-Image-2022-07-18-at-17.49.21-1-1-980x653.jpeg 980w, https:\/\/remaxba.com.br\/wp-content\/uploads\/2022\/07\/WhatsApp-Image-2022-07-18-at-17.49.21-1-1-480x320.jpeg 480w\" sizes=\"(min-width: 0px) and (max-width: 480px) 480px, (min-width: 481px) and (max-width: 980px) 980px, (min-width: 981px) 1280px, 100vw\" \/><\/figure>\n<\/figure>\n\n\n\n<p><\/p>\n\n\n\n<h2 class=\"wp-block-heading\"><strong>CONVERS\u00c3O RE\/MAX<\/strong><\/h2>\n\n\n\n<p>Ap\u00f3s a an\u00e1lise e estudo de viabilidade da implanta\u00e7\u00e3o da gigante americana na cidade, iniciaram-se os tr\u00e2mites da convers\u00e3o da ent\u00e3o imobili\u00e1ria em opera\u00e7\u00e3o para RE\/MAX Praiana.<\/p>\n\n\n\n<p>Uma convers\u00e3o de sucesso. A ag\u00eancia estreou com muita for\u00e7a na cidade de Cama\u00e7ari, chancelada pela expertise das s\u00f3cias, juntas com o objetivo de trilhar uma hist\u00f3ria de sucesso baseada nos valores da empresa que mais vende im\u00f3veis no planeta.<\/p>\n\n\n\n<p>Desde ent\u00e3o, o trio que trabalha de forma personalizada e com extrema dedica\u00e7\u00e3o, vem ajudando dezenas de pessoas a concretizarem o desejo de mudan\u00e7a de vida, seja atrav\u00e9s da comercializa\u00e7\u00e3o de im\u00f3veis e tamb\u00e9m, corretores, ao ingressarem ao time.<\/p>\n\n\n\n<blockquote class=\"wp-block-quote is-layout-flow wp-block-quote-is-layout-flow\"><p>&#8220;Durante todos esses anos \u00e0 frente de in\u00fameras fun\u00e7\u00f5es, muitas conex\u00f5es e realiza\u00e7\u00f5es, foi surgindo o desejo de expans\u00e3o da imobili\u00e1ria. Chegou o momento de projetar um cen\u00e1rio com grande crescimento e a RE\/MAX foi a melhor escolha para empreendermos atrav\u00e9s de franquia.&#8221;<br><strong>Sueli Santos Oliveira &#8211; Franqueada RE\/MAX Praiana<\/strong><\/p><\/blockquote>\n\n\n\n<h2 class=\"wp-block-heading\"><strong>RE\/MAX PRAIANA<\/strong><\/h2>\n\n\n\n<p>As s\u00f3cias contam que tomaram a decis\u00e3o de abrir ag\u00eancia RE\/MAX porque identificaram na rede uma forma especial de atua\u00e7\u00e3o.<\/p>\n\n\n\n<p>S\u00e3o enf\u00e1ticas em afirmar o quanto a padroniza\u00e7\u00e3o de processos tamb\u00e9m foi importante para a convers\u00e3o. Segundo elas, ter um modelo de sucesso testado e aprovado em mais de 110 pa\u00edses desde 1973 para seguir, da companhia que mais vende im\u00f3veis no mundo, proporciona de fato seguran\u00e7a ao franqueado.<\/p>\n\n\n\n<p>Observaram que todas as a\u00e7\u00f5es da franquia s\u00e3o cuidadosamente pensadas para melhorar a vida de todos os envolvidos na opera\u00e7\u00e3o, sejam eles os corretores associados, clientes ou parceiros &#8211; uma opera\u00e7\u00e3o com foco no capital humano.<\/p>\n\n\n\n<p>Al\u00e9m disso, destacam a identifica\u00e7\u00e3o com os valores da companhia, miss\u00e3o da empresa e todos os in\u00fameros benef\u00edcios oferecidos para capacita\u00e7\u00e3o cont\u00ednua: programas de treinamento, Universidade Corporativa, compartilhamento de conte\u00fados, tecnologia de ponta e presta\u00e7\u00e3o do m\u00e1ximo servi\u00e7o ao cliente.<\/p>\n\n\n\n<blockquote class=\"wp-block-quote is-layout-flow wp-block-quote-is-layout-flow\"><p>&#8220;Gostamos do aprendizado cont\u00ednuo e este foi um dos motivos fortes que nos fez escolher a RE\/MAX. No mercado tradicional sempre tivemos muitas dificuldades de formar equipes e agora, temos todo know-how e metodologia para forma\u00e7\u00e3o de time de alta performance.&#8221;<br><strong>Catarina Dantas de Almeida &#8211; Franqueada RE\/MAX Praiana<\/strong><\/p><\/blockquote>\n\n\n\n<h2 class=\"wp-block-heading\"><strong>OPERA\u00c7\u00c3O<\/strong><\/h2>\n\n\n\n<p>Desde que abriu as portas, em abril de 2021, a equipe da RE\/MAX Praiana tem participado ativamente de todas as atividades de treinamentos proporcionadas a n\u00edvel Brasil.<\/p>\n\n\n\n<p>No calend\u00e1rio anual, in\u00fameras atividades s\u00e3o realizadas para contribuir com o desenvolvimento profissional de todos os corretores associados &#8211; a qualifica\u00e7\u00e3o \u00e9 constante.<\/p>\n\n\n\n<blockquote class=\"wp-block-quote is-layout-flow wp-block-quote-is-layout-flow\"><p>&#8220;Acreditamos no modelo de neg\u00f3cios da RE\/MAX, um formato que traz resultados para todos os envolvidos, com foco constante na capacita\u00e7\u00e3o dos seus associados. Sabemos que juntos e juntas conseguiremos contribuir para evolu\u00e7\u00e3o do mercado imobili\u00e1rio. Somos movidas por sonhos e o mercado imobili\u00e1rio \u00e9 o meio!&#8221;<br><strong>La\u00edse Barbara Razera &#8211; Franqueada RE\/MAX Praiana<\/strong><\/p><\/blockquote>\n\n\n\n<figure class=\"wp-block-gallery has-nested-images columns-default is-cropped wp-block-gallery-2 is-layout-flex wp-block-gallery-is-layout-flex\">\n<figure class=\"wp-block-image size-large\"><img loading=\"lazy\" decoding=\"async\" width=\"1024\" height=\"682\" data-id=\"818\" src=\"https:\/\/remaxba.com.br\/wp-content\/uploads\/2022\/07\/WhatsApp-Image-2022-07-18-at-17.49.21-1024x682.jpeg\" alt=\"\" class=\"wp-image-818\" srcset=\"https:\/\/remaxba.com.br\/wp-content\/uploads\/2022\/07\/WhatsApp-Image-2022-07-18-at-17.49.21-1024x682.jpeg 1024w, https:\/\/remaxba.com.br\/wp-content\/uploads\/2022\/07\/WhatsApp-Image-2022-07-18-at-17.49.21-980x653.jpeg 980w, https:\/\/remaxba.com.br\/wp-content\/uploads\/2022\/07\/WhatsApp-Image-2022-07-18-at-17.49.21-480x320.jpeg 480w\" sizes=\"(min-width: 0px) and (max-width: 480px) 480px, (min-width: 481px) and (max-width: 980px) 980px, (min-width: 981px) 1024px, 100vw\" \/><\/figure>\n<\/figure>\n\n\n\n<p><\/p>\n\n\n\n<h2 class=\"wp-block-heading\"><strong>GEST\u00c3O EXCLUSIVA E M\u00c1XIMO SERVI\u00c7O<\/strong><\/h2>\n\n\n\n<p>Profissionais em constante atualiza\u00e7\u00e3o e aperfei\u00e7oamento, as empres\u00e1rias acreditam que as opera\u00e7\u00f5es imobili\u00e1rias devem ser tratadas com Padr\u00e3o Disney e, para isso, o atendimento ao cliente deve ser padronizado, exclusivo e com m\u00e1xima entrega.<\/p>\n\n\n\n<p>Com direcionamento claro, as s\u00f3cias est\u00e3o seguindo \u00e0 risca o modelo RE\/MAX de trabalho, buscando oferecer ao mercado e cliente vendedor um trabalho realmente diferenciado.<\/p>\n\n\n\n<p>Para cada im\u00f3vel sob curadoria RE\/MAX Praiana, um trabalho focado no m\u00e1ximo servi\u00e7o de excel\u00eancia, com a\u00e7\u00f5es e estrat\u00e9gias personalizadas.<\/p>\n\n\n\n<blockquote class=\"wp-block-quote is-layout-flow wp-block-quote-is-layout-flow\"><p>&#8220;Acreditamos no trabalho com foco no cliente propriet\u00e1rio e trabalho sob o modelo de gest\u00e3o exclusiva. Quando prestamos um trabalho de excel\u00eancia, fidelizamos o cliente vendedor, estabelecendo um relacionamento de longo prazo, com indica\u00e7\u00f5es dos nossos servi\u00e7os e novas oportunidades. Com isso viemos celebrando incr\u00edveis resultados, grande volume de im\u00f3veis comercializados e excel\u00eancia em atendimento aos nossos clientes.&#8221;<br><strong>Franqueadas RE\/MAX Praiana<\/strong><\/p><\/blockquote>\n\n\n\n<h2 class=\"wp-block-heading\"><strong>LEGADO<\/strong><\/h2>\n\n\n\n<p><a><\/a>A RE\/MAX Praiana j\u00e1 \u00e9 refer\u00eancia na regi\u00e3o e vem se destacando de forma muito consistente e concreta como um empresa de excel\u00eancia na presta\u00e7\u00e3o de servi\u00e7os no ramo imobili\u00e1rio local.<\/p>\n\n\n\n<p>Incluso no trabalho:<\/p>\n\n\n\n<p>\u2022 Estudo de mercado personalizado para precifica\u00e7\u00e3o correta<\/p>\n\n\n\n<p>\u2022 Plano de marketing exclusivo para a venda do im\u00f3vel<\/p>\n\n\n\n<p>\u2022 Acompanhamento nas visitas<\/p>\n\n\n\n<p>\u2022 Monitoramento do mercado<\/p>\n\n\n\n<p>\u2022 Relat\u00f3rios semanais de todas as a\u00e7\u00f5es realizadas<\/p>\n\n\n\n<p>\u2022 Acompanhamento de todo o processo, at\u00e9 a escritura\u00e7\u00e3o<\/p>\n\n\n\n<blockquote class=\"wp-block-quote is-layout-flow wp-block-quote-is-layout-flow\"><p>&#8220;Entregamos aos propriet\u00e1rios de im\u00f3veis resultados comprovados na presta\u00e7\u00e3o de servi\u00e7os de alto padr\u00e3o: estudo de mercado detalhado para precifica\u00e7\u00e3o do im\u00f3vel, plano de marketing de divulga\u00e7\u00e3o exclusivo, repasse aos clientes de relat\u00f3rios semanais, al\u00e9m de acompanhamento dos agentes imobili\u00e1rios em todo processo.&#8221;<br><strong>Franqueadas RE\/MAX Praiana<\/strong><\/p><\/blockquote>\n\n\n\n<h2 class=\"wp-block-heading\"><strong>PARCERIAS<\/strong><\/h2>\n\n\n\n<p>A RE\/MAX Praiana trabalha com a gest\u00e3o da venda de forma exclusiva no atendimento ao cliente propriet\u00e1rio do im\u00f3vel, mas isso n\u00e3o significa que trabalha necessariamente sozinha. Realiza muitas parcerias comerciais com todo mercado imobili\u00e1rio, fortalecendo as estrat\u00e9gias, ampliando a visibilidade e consequentemente, agilizando o processo de venda para o cliente propriet\u00e1rio. Um modelo de trabalho onde todos ganham e ficam extremamente satisfeitos.<\/p>\n\n\n\n<blockquote class=\"wp-block-quote is-layout-flow wp-block-quote-is-layout-flow\"><p>&#8220;Temos ampla rede de parcerias com todo mercado imobili\u00e1rio! Somando for\u00e7as e expertises, fortalecemos as estrat\u00e9gias de divulga\u00e7\u00e3o, ampliando imensamente a visibilidade do im\u00f3vel. Trabalhando juntos num mesmo objetivo, a venda \u00e9 concretizada no menor espa\u00e7o de tempo, com rapidez e satisfa\u00e7\u00e3o para todos.&#8221;<br><strong>Franqueadas RE\/MAX Praiana<\/strong><\/p><\/blockquote>\n\n\n\n<h2 class=\"wp-block-heading\"><strong>2022<\/strong><\/h2>\n\n\n\n<p>Profissionais \u00e0&nbsp;frente de seu tempo, que respiram empreendedorismo 24 horas por dia, Sueli, Catarina e La\u00edse seguem com o prop\u00f3sito de qualificar cada vez mais suas atua\u00e7\u00f5es.<\/p>\n\n\n\n<p>Para 2022, a meta \u00e9 expandir os neg\u00f3cios e aumentar o time de agentes. Igualmente, ampliar e fortalecer a rede de parceiros estrat\u00e9gicos comerciais na cidade e regi\u00e3o.<\/p>\n\n\n\n<blockquote class=\"wp-block-quote is-layout-flow wp-block-quote-is-layout-flow\"><p>&#8220;Para 2022, apostamos na evolu\u00e7\u00e3o do mercado imobili\u00e1rio, expandir nossa franquia, aumentar nossa equipe e sermos premiadas.&#8221;<br><strong>Sueli Santos Oliveira &#8211; Franqueada RE\/MAX Praiana<\/strong><\/p><\/blockquote>\n\n\n\n<blockquote class=\"wp-block-quote is-layout-flow wp-block-quote-is-layout-flow\"><p>&#8220;Nosso agradecimento especial a todos os clientes que depositam confian\u00e7a em nosso trabalho para comercializa\u00e7\u00e3o de seus im\u00f3veis. Para n\u00f3s \u00e9 uma grande alegria realizar sonhos, o que nos motiva a trabalhar com amor e dedica\u00e7\u00e3o. Seguiremos investindo em conhecimento, construindo um legado em nosso setor, com uma gest\u00e3o forte e colaborativa, foco, dedica\u00e7\u00e3o, metodologia de trabalho, qualidade dos servi\u00e7os prestados e valoriza\u00e7\u00e3o do capital humano. Reiteramos o compromisso de entregar m\u00e1ximo servi\u00e7o e excel\u00eancia aos nossos agentes empreendedores associados, parceiros de neg\u00f3cios, clientes e comunidade. Obrigada pela parceria e por fazerem parte da nossa trajet\u00f3ria!&#8221;<br><strong>Franqueadas RE\/MAX Praiana<\/strong><\/p><\/blockquote>\n\n\n\n<p>Uma ag\u00eancia que veio definitivamente para transformar o mercado imobili\u00e1rio da Bahia. <strong>Sucesso RE\/MAX Praiana!<\/strong><\/p>\n\n\n\n<figure class=\"wp-block-image size-large\"><img loading=\"lazy\" decoding=\"async\" width=\"1024\" height=\"770\" src=\"https:\/\/remaxba.com.br\/wp-content\/uploads\/2022\/07\/WhatsApp-Image-2022-07-18-at-17.49.22-1024x770.jpeg\" alt=\"\" class=\"wp-image-819\" srcset=\"https:\/\/remaxba.com.br\/wp-content\/uploads\/2022\/07\/WhatsApp-Image-2022-07-18-at-17.49.22-1024x770.jpeg 1024w, https:\/\/remaxba.com.br\/wp-content\/uploads\/2022\/07\/WhatsApp-Image-2022-07-18-at-17.49.22-980x737.jpeg 980w, https:\/\/remaxba.com.br\/wp-content\/uploads\/2022\/07\/WhatsApp-Image-2022-07-18-at-17.49.22-480x361.jpeg 480w\" sizes=\"(min-width: 0px) and (max-width: 480px) 480px, (min-width: 481px) and (max-width: 980px) 980px, (min-width: 981px) 1024px, 100vw\" \/><\/figure>\n","protected":false},"excerpt":{"rendered":"<p>No post de hoje vamos apresentar mais uma das nossas incr\u00edveis lojas franqueadas: RE\/MAX Praiana, case de sucesso e destaque regional.<\/p>\n","protected":false},"author":1,"featured_media":814,"comment_status":"open","ping_status":"open","sticky":false,"template":"","format":"standard","meta":{"_et_pb_use_builder":"","_et_pb_old_content":"","_et_gb_content_width":"","inline_featured_image":false,"footnotes":""},"categories":[1],"tags":[],"class_list":["post-813","post","type-post","status-publish","format-standard","has-post-thumbnail","hentry","category-uncategorized"],"yoast_head":"<!-- This site is optimized with the Yoast SEO plugin v27.5 - https:\/\/yoast.com\/product\/yoast-seo-wordpress\/ -->\n<title>RE\/MAX PRAIANA: FOCO NA GEST\u00c3O EXCLUSIVA E M\u00c1XIMO SERVI\u00c7O - RE\/MAX BA<\/title>\n<meta name=\"robots\" content=\"index, follow, max-snippet:-1, max-image-preview:large, max-video-preview:-1\" \/>\n<link rel=\"canonical\" href=\"https:\/\/remaxba.com.br\/index.php\/2022\/07\/22\/re-max-praiana-foco-na-gestao-exclusiva-e-maximo-servico\/\" \/>\n<meta property=\"og:locale\" content=\"pt_BR\" \/>\n<meta property=\"og:type\" content=\"article\" \/>\n<meta property=\"og:title\" content=\"RE\/MAX PRAIANA: FOCO NA GEST\u00c3O EXCLUSIVA E M\u00c1XIMO SERVI\u00c7O - RE\/MAX BA\" \/>\n<meta property=\"og:description\" content=\"No post de hoje vamos apresentar mais uma das nossas incr\u00edveis lojas franqueadas: RE\/MAX Praiana, case de sucesso e destaque regional.\" \/>\n<meta property=\"og:url\" content=\"https:\/\/remaxba.com.br\/index.php\/2022\/07\/22\/re-max-praiana-foco-na-gestao-exclusiva-e-maximo-servico\/\" \/>\n<meta property=\"og:site_name\" content=\"RE\/MAX BA\" \/>\n<meta property=\"article:published_time\" content=\"2022-07-22T18:22:52+00:00\" \/>\n<meta property=\"article:modified_time\" content=\"2022-07-29T18:25:00+00:00\" \/>\n<meta property=\"og:image\" content=\"https:\/\/remaxba.com.br\/wp-content\/uploads\/2022\/07\/WhatsApp-Image-2022-07-18-at-17.49.21-1.jpeg\" \/>\n\t<meta property=\"og:image:width\" content=\"1280\" \/>\n\t<meta property=\"og:image:height\" content=\"853\" \/>\n\t<meta property=\"og:image:type\" content=\"image\/jpeg\" \/>\n<meta name=\"author\" content=\"admin\" \/>\n<meta name=\"twitter:card\" content=\"summary_large_image\" \/>\n<meta name=\"twitter:label1\" content=\"Escrito por\" \/>\n\t<meta name=\"twitter:data1\" content=\"admin\" \/>\n\t<meta name=\"twitter:label2\" content=\"Est. tempo de leitura\" \/>\n\t<meta name=\"twitter:data2\" content=\"9 minutos\" \/>\n<script type=\"application\/ld+json\" class=\"yoast-schema-graph\">{\"@context\":\"https:\\\/\\\/schema.org\",\"@graph\":[{\"@type\":\"Article\",\"@id\":\"https:\\\/\\\/remaxba.com.br\\\/index.php\\\/2022\\\/07\\\/22\\\/re-max-praiana-foco-na-gestao-exclusiva-e-maximo-servico\\\/#article\",\"isPartOf\":{\"@id\":\"https:\\\/\\\/remaxba.com.br\\\/index.php\\\/2022\\\/07\\\/22\\\/re-max-praiana-foco-na-gestao-exclusiva-e-maximo-servico\\\/\"},\"author\":{\"name\":\"admin\",\"@id\":\"https:\\\/\\\/remaxba.com.br\\\/#\\\/schema\\\/person\\\/b255d3fb92692e52ab905369f0c2dfb0\"},\"headline\":\"RE\\\/MAX PRAIANA: FOCO NA GEST\u00c3O EXCLUSIVA E M\u00c1XIMO SERVI\u00c7O\",\"datePublished\":\"2022-07-22T18:22:52+00:00\",\"dateModified\":\"2022-07-29T18:25:00+00:00\",\"mainEntityOfPage\":{\"@id\":\"https:\\\/\\\/remaxba.com.br\\\/index.php\\\/2022\\\/07\\\/22\\\/re-max-praiana-foco-na-gestao-exclusiva-e-maximo-servico\\\/\"},\"wordCount\":1679,\"commentCount\":0,\"image\":{\"@id\":\"https:\\\/\\\/remaxba.com.br\\\/index.php\\\/2022\\\/07\\\/22\\\/re-max-praiana-foco-na-gestao-exclusiva-e-maximo-servico\\\/#primaryimage\"},\"thumbnailUrl\":\"https:\\\/\\\/remaxba.com.br\\\/wp-content\\\/uploads\\\/2022\\\/07\\\/WhatsApp-Image-2022-07-18-at-17.49.21-1.jpeg\",\"articleSection\":[\"Uncategorized\"],\"inLanguage\":\"pt-BR\",\"potentialAction\":[{\"@type\":\"CommentAction\",\"name\":\"Comment\",\"target\":[\"https:\\\/\\\/remaxba.com.br\\\/index.php\\\/2022\\\/07\\\/22\\\/re-max-praiana-foco-na-gestao-exclusiva-e-maximo-servico\\\/#respond\"]}]},{\"@type\":\"WebPage\",\"@id\":\"https:\\\/\\\/remaxba.com.br\\\/index.php\\\/2022\\\/07\\\/22\\\/re-max-praiana-foco-na-gestao-exclusiva-e-maximo-servico\\\/\",\"url\":\"https:\\\/\\\/remaxba.com.br\\\/index.php\\\/2022\\\/07\\\/22\\\/re-max-praiana-foco-na-gestao-exclusiva-e-maximo-servico\\\/\",\"name\":\"RE\\\/MAX PRAIANA: FOCO NA GEST\u00c3O EXCLUSIVA E M\u00c1XIMO SERVI\u00c7O - RE\\\/MAX BA\",\"isPartOf\":{\"@id\":\"https:\\\/\\\/remaxba.com.br\\\/#website\"},\"primaryImageOfPage\":{\"@id\":\"https:\\\/\\\/remaxba.com.br\\\/index.php\\\/2022\\\/07\\\/22\\\/re-max-praiana-foco-na-gestao-exclusiva-e-maximo-servico\\\/#primaryimage\"},\"image\":{\"@id\":\"https:\\\/\\\/remaxba.com.br\\\/index.php\\\/2022\\\/07\\\/22\\\/re-max-praiana-foco-na-gestao-exclusiva-e-maximo-servico\\\/#primaryimage\"},\"thumbnailUrl\":\"https:\\\/\\\/remaxba.com.br\\\/wp-content\\\/uploads\\\/2022\\\/07\\\/WhatsApp-Image-2022-07-18-at-17.49.21-1.jpeg\",\"datePublished\":\"2022-07-22T18:22:52+00:00\",\"dateModified\":\"2022-07-29T18:25:00+00:00\",\"author\":{\"@id\":\"https:\\\/\\\/remaxba.com.br\\\/#\\\/schema\\\/person\\\/b255d3fb92692e52ab905369f0c2dfb0\"},\"breadcrumb\":{\"@id\":\"https:\\\/\\\/remaxba.com.br\\\/index.php\\\/2022\\\/07\\\/22\\\/re-max-praiana-foco-na-gestao-exclusiva-e-maximo-servico\\\/#breadcrumb\"},\"inLanguage\":\"pt-BR\",\"potentialAction\":[{\"@type\":\"ReadAction\",\"target\":[\"https:\\\/\\\/remaxba.com.br\\\/index.php\\\/2022\\\/07\\\/22\\\/re-max-praiana-foco-na-gestao-exclusiva-e-maximo-servico\\\/\"]}]},{\"@type\":\"ImageObject\",\"inLanguage\":\"pt-BR\",\"@id\":\"https:\\\/\\\/remaxba.com.br\\\/index.php\\\/2022\\\/07\\\/22\\\/re-max-praiana-foco-na-gestao-exclusiva-e-maximo-servico\\\/#primaryimage\",\"url\":\"https:\\\/\\\/remaxba.com.br\\\/wp-content\\\/uploads\\\/2022\\\/07\\\/WhatsApp-Image-2022-07-18-at-17.49.21-1.jpeg\",\"contentUrl\":\"https:\\\/\\\/remaxba.com.br\\\/wp-content\\\/uploads\\\/2022\\\/07\\\/WhatsApp-Image-2022-07-18-at-17.49.21-1.jpeg\",\"width\":1280,\"height\":853},{\"@type\":\"BreadcrumbList\",\"@id\":\"https:\\\/\\\/remaxba.com.br\\\/index.php\\\/2022\\\/07\\\/22\\\/re-max-praiana-foco-na-gestao-exclusiva-e-maximo-servico\\\/#breadcrumb\",\"itemListElement\":[{\"@type\":\"ListItem\",\"position\":1,\"name\":\"In\u00edcio\",\"item\":\"https:\\\/\\\/remaxba.com.br\\\/\"},{\"@type\":\"ListItem\",\"position\":2,\"name\":\"RE\\\/MAX PRAIANA: FOCO NA GEST\u00c3O EXCLUSIVA E M\u00c1XIMO SERVI\u00c7O\"}]},{\"@type\":\"WebSite\",\"@id\":\"https:\\\/\\\/remaxba.com.br\\\/#website\",\"url\":\"https:\\\/\\\/remaxba.com.br\\\/\",\"name\":\"RE\\\/MAX BA\",\"description\":\"\",\"potentialAction\":[{\"@type\":\"SearchAction\",\"target\":{\"@type\":\"EntryPoint\",\"urlTemplate\":\"https:\\\/\\\/remaxba.com.br\\\/?s={search_term_string}\"},\"query-input\":{\"@type\":\"PropertyValueSpecification\",\"valueRequired\":true,\"valueName\":\"search_term_string\"}}],\"inLanguage\":\"pt-BR\"},{\"@type\":\"Person\",\"@id\":\"https:\\\/\\\/remaxba.com.br\\\/#\\\/schema\\\/person\\\/b255d3fb92692e52ab905369f0c2dfb0\",\"name\":\"admin\",\"image\":{\"@type\":\"ImageObject\",\"inLanguage\":\"pt-BR\",\"@id\":\"https:\\\/\\\/secure.gravatar.com\\\/avatar\\\/5020d0d7d8f76d564a9cdeef6d96a35d93fb243f6fdfa63712f4f538b95f10e5?s=96&d=mm&r=g\",\"url\":\"https:\\\/\\\/secure.gravatar.com\\\/avatar\\\/5020d0d7d8f76d564a9cdeef6d96a35d93fb243f6fdfa63712f4f538b95f10e5?s=96&d=mm&r=g\",\"contentUrl\":\"https:\\\/\\\/secure.gravatar.com\\\/avatar\\\/5020d0d7d8f76d564a9cdeef6d96a35d93fb243f6fdfa63712f4f538b95f10e5?s=96&d=mm&r=g\",\"caption\":\"admin\"},\"sameAs\":[\"https:\\\/\\\/remaxba.com.br\"],\"url\":\"https:\\\/\\\/remaxba.com.br\\\/index.php\\\/author\\\/remaxba\\\/\"}]}<\/script>\n<!-- \/ Yoast SEO plugin. -->","yoast_head_json":{"title":"RE\/MAX PRAIANA: FOCO NA GEST\u00c3O EXCLUSIVA E M\u00c1XIMO SERVI\u00c7O - RE\/MAX BA","robots":{"index":"index","follow":"follow","max-snippet":"max-snippet:-1","max-image-preview":"max-image-preview:large","max-video-preview":"max-video-preview:-1"},"canonical":"https:\/\/remaxba.com.br\/index.php\/2022\/07\/22\/re-max-praiana-foco-na-gestao-exclusiva-e-maximo-servico\/","og_locale":"pt_BR","og_type":"article","og_title":"RE\/MAX PRAIANA: FOCO NA GEST\u00c3O EXCLUSIVA E M\u00c1XIMO SERVI\u00c7O - RE\/MAX BA","og_description":"No post de hoje vamos apresentar mais uma das nossas incr\u00edveis lojas franqueadas: RE\/MAX Praiana, case de sucesso e destaque regional.","og_url":"https:\/\/remaxba.com.br\/index.php\/2022\/07\/22\/re-max-praiana-foco-na-gestao-exclusiva-e-maximo-servico\/","og_site_name":"RE\/MAX BA","article_published_time":"2022-07-22T18:22:52+00:00","article_modified_time":"2022-07-29T18:25:00+00:00","og_image":[{"width":1280,"height":853,"url":"https:\/\/remaxba.com.br\/wp-content\/uploads\/2022\/07\/WhatsApp-Image-2022-07-18-at-17.49.21-1.jpeg","type":"image\/jpeg"}],"author":"admin","twitter_card":"summary_large_image","twitter_misc":{"Escrito por":"admin","Est. tempo de leitura":"9 minutos"},"schema":{"@context":"https:\/\/schema.org","@graph":[{"@type":"Article","@id":"https:\/\/remaxba.com.br\/index.php\/2022\/07\/22\/re-max-praiana-foco-na-gestao-exclusiva-e-maximo-servico\/#article","isPartOf":{"@id":"https:\/\/remaxba.com.br\/index.php\/2022\/07\/22\/re-max-praiana-foco-na-gestao-exclusiva-e-maximo-servico\/"},"author":{"name":"admin","@id":"https:\/\/remaxba.com.br\/#\/schema\/person\/b255d3fb92692e52ab905369f0c2dfb0"},"headline":"RE\/MAX PRAIANA: FOCO NA GEST\u00c3O EXCLUSIVA E M\u00c1XIMO SERVI\u00c7O","datePublished":"2022-07-22T18:22:52+00:00","dateModified":"2022-07-29T18:25:00+00:00","mainEntityOfPage":{"@id":"https:\/\/remaxba.com.br\/index.php\/2022\/07\/22\/re-max-praiana-foco-na-gestao-exclusiva-e-maximo-servico\/"},"wordCount":1679,"commentCount":0,"image":{"@id":"https:\/\/remaxba.com.br\/index.php\/2022\/07\/22\/re-max-praiana-foco-na-gestao-exclusiva-e-maximo-servico\/#primaryimage"},"thumbnailUrl":"https:\/\/remaxba.com.br\/wp-content\/uploads\/2022\/07\/WhatsApp-Image-2022-07-18-at-17.49.21-1.jpeg","articleSection":["Uncategorized"],"inLanguage":"pt-BR","potentialAction":[{"@type":"CommentAction","name":"Comment","target":["https:\/\/remaxba.com.br\/index.php\/2022\/07\/22\/re-max-praiana-foco-na-gestao-exclusiva-e-maximo-servico\/#respond"]}]},{"@type":"WebPage","@id":"https:\/\/remaxba.com.br\/index.php\/2022\/07\/22\/re-max-praiana-foco-na-gestao-exclusiva-e-maximo-servico\/","url":"https:\/\/remaxba.com.br\/index.php\/2022\/07\/22\/re-max-praiana-foco-na-gestao-exclusiva-e-maximo-servico\/","name":"RE\/MAX PRAIANA: FOCO NA GEST\u00c3O EXCLUSIVA E M\u00c1XIMO SERVI\u00c7O - RE\/MAX BA","isPartOf":{"@id":"https:\/\/remaxba.com.br\/#website"},"primaryImageOfPage":{"@id":"https:\/\/remaxba.com.br\/index.php\/2022\/07\/22\/re-max-praiana-foco-na-gestao-exclusiva-e-maximo-servico\/#primaryimage"},"image":{"@id":"https:\/\/remaxba.com.br\/index.php\/2022\/07\/22\/re-max-praiana-foco-na-gestao-exclusiva-e-maximo-servico\/#primaryimage"},"thumbnailUrl":"https:\/\/remaxba.com.br\/wp-content\/uploads\/2022\/07\/WhatsApp-Image-2022-07-18-at-17.49.21-1.jpeg","datePublished":"2022-07-22T18:22:52+00:00","dateModified":"2022-07-29T18:25:00+00:00","author":{"@id":"https:\/\/remaxba.com.br\/#\/schema\/person\/b255d3fb92692e52ab905369f0c2dfb0"},"breadcrumb":{"@id":"https:\/\/remaxba.com.br\/index.php\/2022\/07\/22\/re-max-praiana-foco-na-gestao-exclusiva-e-maximo-servico\/#breadcrumb"},"inLanguage":"pt-BR","potentialAction":[{"@type":"ReadAction","target":["https:\/\/remaxba.com.br\/index.php\/2022\/07\/22\/re-max-praiana-foco-na-gestao-exclusiva-e-maximo-servico\/"]}]},{"@type":"ImageObject","inLanguage":"pt-BR","@id":"https:\/\/remaxba.com.br\/index.php\/2022\/07\/22\/re-max-praiana-foco-na-gestao-exclusiva-e-maximo-servico\/#primaryimage","url":"https:\/\/remaxba.com.br\/wp-content\/uploads\/2022\/07\/WhatsApp-Image-2022-07-18-at-17.49.21-1.jpeg","contentUrl":"https:\/\/remaxba.com.br\/wp-content\/uploads\/2022\/07\/WhatsApp-Image-2022-07-18-at-17.49.21-1.jpeg","width":1280,"height":853},{"@type":"BreadcrumbList","@id":"https:\/\/remaxba.com.br\/index.php\/2022\/07\/22\/re-max-praiana-foco-na-gestao-exclusiva-e-maximo-servico\/#breadcrumb","itemListElement":[{"@type":"ListItem","position":1,"name":"In\u00edcio","item":"https:\/\/remaxba.com.br\/"},{"@type":"ListItem","position":2,"name":"RE\/MAX PRAIANA: FOCO NA GEST\u00c3O EXCLUSIVA E M\u00c1XIMO SERVI\u00c7O"}]},{"@type":"WebSite","@id":"https:\/\/remaxba.com.br\/#website","url":"https:\/\/remaxba.com.br\/","name":"RE\/MAX BA","description":"","potentialAction":[{"@type":"SearchAction","target":{"@type":"EntryPoint","urlTemplate":"https:\/\/remaxba.com.br\/?s={search_term_string}"},"query-input":{"@type":"PropertyValueSpecification","valueRequired":true,"valueName":"search_term_string"}}],"inLanguage":"pt-BR"},{"@type":"Person","@id":"https:\/\/remaxba.com.br\/#\/schema\/person\/b255d3fb92692e52ab905369f0c2dfb0","name":"admin","image":{"@type":"ImageObject","inLanguage":"pt-BR","@id":"https:\/\/secure.gravatar.com\/avatar\/5020d0d7d8f76d564a9cdeef6d96a35d93fb243f6fdfa63712f4f538b95f10e5?s=96&d=mm&r=g","url":"https:\/\/secure.gravatar.com\/avatar\/5020d0d7d8f76d564a9cdeef6d96a35d93fb243f6fdfa63712f4f538b95f10e5?s=96&d=mm&r=g","contentUrl":"https:\/\/secure.gravatar.com\/avatar\/5020d0d7d8f76d564a9cdeef6d96a35d93fb243f6fdfa63712f4f538b95f10e5?s=96&d=mm&r=g","caption":"admin"},"sameAs":["https:\/\/remaxba.com.br"],"url":"https:\/\/remaxba.com.br\/index.php\/author\/remaxba\/"}]}},"_links":{"self":[{"href":"https:\/\/remaxba.com.br\/index.php\/wp-json\/wp\/v2\/posts\/813","targetHints":{"allow":["GET"]}}],"collection":[{"href":"https:\/\/remaxba.com.br\/index.php\/wp-json\/wp\/v2\/posts"}],"about":[{"href":"https:\/\/remaxba.com.br\/index.php\/wp-json\/wp\/v2\/types\/post"}],"author":[{"embeddable":true,"href":"https:\/\/remaxba.com.br\/index.php\/wp-json\/wp\/v2\/users\/1"}],"replies":[{"embeddable":true,"href":"https:\/\/remaxba.com.br\/index.php\/wp-json\/wp\/v2\/comments?post=813"}],"version-history":[{"count":4,"href":"https:\/\/remaxba.com.br\/index.php\/wp-json\/wp\/v2\/posts\/813\/revisions"}],"predecessor-version":[{"id":821,"href":"https:\/\/remaxba.com.br\/index.php\/wp-json\/wp\/v2\/posts\/813\/revisions\/821"}],"wp:featuredmedia":[{"embeddable":true,"href":"https:\/\/remaxba.com.br\/index.php\/wp-json\/wp\/v2\/media\/814"}],"wp:attachment":[{"href":"https:\/\/remaxba.com.br\/index.php\/wp-json\/wp\/v2\/media?parent=813"}],"wp:term":[{"taxonomy":"category","embeddable":true,"href":"https:\/\/remaxba.com.br\/index.php\/wp-json\/wp\/v2\/categories?post=813"},{"taxonomy":"post_tag","embeddable":true,"href":"https:\/\/remaxba.com.br\/index.php\/wp-json\/wp\/v2\/tags?post=813"}],"curies":[{"name":"wp","href":"https:\/\/api.w.org\/{rel}","templated":true}]}}