{"id":1414,"date":"2023-07-18T14:33:21","date_gmt":"2023-07-18T14:33:21","guid":{"rendered":"https:\/\/remaxba.com.br\/?p=1414"},"modified":"2023-07-18T15:17:11","modified_gmt":"2023-07-18T15:17:11","slug":"re-max-regional-grupo-bahia-participa-da-franchise4u-em-salvador","status":"publish","type":"post","link":"https:\/\/remaxba.com.br\/index.php\/2023\/07\/18\/re-max-regional-grupo-bahia-participa-da-franchise4u-em-salvador\/","title":{"rendered":"RE\/MAX REGIONAL GRUPO BAHIA PARTICIPA DA FRANCHISE4U EM SALVADOR"},"content":{"rendered":"\n<p>Permanentemente atenta \u00e0s movimenta\u00e7\u00f5es, oportunidades e inova\u00e7\u00f5es do mercado, a RE\/MAX Regional Grupo Bahia participou no m\u00eas de julho, da Franchise4u, no Fiesta Hotel em Salvador.<\/p>\n\n\n\n<p>A renomada feira de franquias sem stands \u00e9 tradicionalmente conhecida pela praticidade do formato. O objetivo \u00e9 facilitar o contato entre as marcas e potenciais investidores, em reuni\u00f5es individuais de 30 minutos &#8211; com hora marcada, conforto e bem-estar.<\/p>\n\n\n\n<p>A RE\/MAX &#8211; l\u00edder do franchising imobili\u00e1rio mundial, marcou forte presen\u00e7a no evento, sob o comando dos diretores Master Franqueados Kerley Reis e Leandro Lopes.<\/p>\n\n\n\n<p>Junto ao staff regional, os servi\u00e7os da rede que mais vende im\u00f3veis no Brasil e no mundo foram apresentados.<\/p>\n\n\n\n<blockquote class=\"wp-block-quote is-layout-flow wp-block-quote-is-layout-flow\">\n<p>\u201cA Franchise4u \u00e9 uma feira que se prop\u00f5e a conectar pessoas a neg\u00f3cios, ent\u00e3o nada mais adequada e produtiva, como de fato veio a se mostrar, a presen\u00e7a da RE\/MAX Regional Grupo Bahia no evento. A RE\/MAX \u00e9, comprovadamente, a melhor op\u00e7\u00e3o de franquia imobili\u00e1ria no mundo e, por consequ\u00eancia, no Brasil e na Bahia, onde temos a honra e responsabilidade de represent\u00e1-la\u201d.<br><strong>KERLEY REIS E LEANDRO LOPES<\/strong><br><strong>DIRETORES MASTER FRANQUEADOS DA RE\/MAX REGIONAL GRUPO BAHIA<\/strong><\/p>\n<\/blockquote>\n\n\n\n<h2 class=\"wp-block-heading\"><strong>MODELO DE NEG\u00d3CIO<\/strong><br><\/h2>\n\n\n\n<p>S\u00e3o in\u00fameros os diferenciais e a\u00e7\u00f5es oferecidas pela Franquia RE\/MAX, com destaque para o renomado modelo de neg\u00f3cio, testado e aprovado em mais de 110 pa\u00edses, metodologia de trabalho exclusiva, m\u00e1ximo servi\u00e7o, posicionamento da for\u00e7a de vendas, formato de parcerias estrat\u00e9gicas, Universidade Corporativa e novas frentes de inova\u00e7\u00e3o.<\/p>\n\n\n\n<blockquote class=\"wp-block-quote is-layout-flow wp-block-quote-is-layout-flow\">\n<p>\u201cEstamos construindo na Bahia uma rede a cada dia mais forte, para melhor servir nossos franqueados, corretores, parceiros e clientes do mercado imobili\u00e1rio &#8211; com foco na entrega da excel\u00eancia e m\u00e1ximo servi\u00e7o. Trabalhamos incessantemente para oferecer aos empres\u00e1rios a melhor infraestrutura &#8211; a fim de garantir sua m\u00e1xima performance, incluindo tecnologia de ponta, forte cultura empresarial, programa de acompanhamento, forma\u00e7\u00e3o de corretores, educa\u00e7\u00e3o corporativa continuada, al\u00e9m da possibilidade de networking com uma ampla rede de alta qualidade e a for\u00e7a da maior franquia imobili\u00e1ria do mundo\u201d.<br><strong>KERLEY REIS E LEANDRO LOPES<\/strong><br><strong>DIRETORES MASTER FRANQUEADOS DA RE\/MAX REGIONAL GRUPO BAHIA<\/strong><\/p>\n<\/blockquote>\n\n\n\n<h2 class=\"wp-block-heading\"><strong>FORMATOS<\/strong><br><br><\/h2>\n\n\n\n<p>A RE\/MAX \u00e9 perfeita para empres\u00e1rios que j\u00e1 atuam no setor com imobili\u00e1rias pr\u00f3prias e queiram juntar-se a uma rede internacional, ampliando seu crescimento e potencial de a\u00e7\u00e3o; pessoas que tenham esp\u00edrito empreendedor e profissionais que procuram um novo neg\u00f3cio promissor para investir.<\/p>\n\n\n\n<p>A marca trabalha sua expans\u00e3o atrav\u00e9s de dois formatos: CONVERS\u00c3O DE BANDEIRAS, para empres\u00e1rios com conhecimento de mercado e que j\u00e1 tem a estrutura necess\u00e1ria, e STARTUPS, para pessoas sem conhecimento do setor, interessadas em aberturas de novas imobili\u00e1rias.<\/p>\n\n\n\n<h2 class=\"wp-block-heading\"><strong>RE\/MAX<\/strong><br><\/h2>\n\n\n\n<p>A franquia, com marca forte mundialmente consolidada, h\u00e1 50 anos no mercado, tem se mostrado altamente rent\u00e1vel, lucrativa e de baixo custo de aquisi\u00e7\u00e3o.<\/p>\n\n\n\n<p>Atuando no Brasil desde 2009, com enorme capilaridade e presen\u00e7a em todos os Estados, a RE\/MAX j\u00e1 soma mais de 600 lojas franqueadas e mais de 8.000 corretores empreendedores.<\/p>\n\n\n\n<p>A gigante americana das transa\u00e7\u00f5es imobili\u00e1rias vem ganhando a cada ano a admira\u00e7\u00e3o e ades\u00e3o de empreendedores locais, interessados no sistema de franquias mais rent\u00e1vel do pa\u00eds.<\/p>\n\n\n\n<blockquote class=\"wp-block-quote is-layout-flow wp-block-quote-is-layout-flow\">\n<p>\u201cO mercado de franquias \u00e9 muito atrativo e nossa expectativa de grande presen\u00e7a de investidores interessados se confirmou. A feira foi um grande sucesso! Recebemos aqui na Franchise4u grande n\u00famero de agendamentos, esclarecendo todas as d\u00favidas sobre o nosso modelo de neg\u00f3cio, de forma personalizada. Ao longo desses anos em opera\u00e7\u00e3o, j\u00e1 fomos procurados por in\u00fameros empreendedores, impactados positivamente pelos exponenciais resultados dos nossos franqueados em opera\u00e7\u00e3o.\u201d<br><strong>KERLEY REIS E LEANDRO LOPES<\/strong><br><strong>DIRETORES MASTER FRANQUEADOS DA RE\/MAX REGIONAL GRUPO BAHIA<\/strong><\/p>\n<\/blockquote>\n\n\n\n<h2 class=\"wp-block-heading\"><strong>IN\u00daMEROS DIFERENCIAIS<\/strong><br><\/h2>\n\n\n\n<p>Al\u00e9m de estampar a marca do mercado imobili\u00e1rio mais reconhecida mundialmente, fazer parte da RE\/MAX permite um leque de op\u00e7\u00f5es para compra e venda de im\u00f3veis em qualquer lugar do Brasil e do mundo.<\/p>\n\n\n\n<p>Ainda, o Programa de Acompanhamento RE\/MAX Regional Grupo Bahia \u00e9 respons\u00e1vel por dar suporte ao franqueado por meio de acesso ao know-how da marca.<\/p>\n\n\n\n<h2 class=\"wp-block-heading\"><strong>DADOS &amp; FATOS<\/strong><br><\/h2>\n\n\n\n<p>De acordo com pesquisa interna de satisfa\u00e7\u00e3o: 96,8% dos franqueados abririam novamente uma franquia RE\/MAX. O elevado \u00edndice de contentamento comprova a for\u00e7a da marca e resultados.<\/p>\n\n\n\n<div style=\"height:44px\" aria-hidden=\"true\" class=\"wp-block-spacer\"><\/div>\n\n\n\n<h2 class=\"wp-block-heading\"><strong>O crescimento da RE\/MAX no Brasil j\u00e1 se tornou case de sucesso em territ\u00f3rio nacional. 20 BILH\u00d5ES EM VGV \u00e9 a proje\u00e7\u00e3o da companhia para 2025 no pa\u00eds.<\/strong><\/h2>\n\n\n\n<h2 class=\"wp-block-heading\"><\/h2>\n\n\n\n<figure class=\"wp-block-gallery has-nested-images columns-default is-cropped wp-block-gallery-1 is-layout-flex wp-block-gallery-is-layout-flex\">\n<figure class=\"wp-block-image size-large\"><img loading=\"lazy\" decoding=\"async\" width=\"768\" height=\"1024\" data-id=\"1290\" src=\"https:\/\/remaxba.com.br\/wp-content\/uploads\/2023\/04\/Imagem-do-WhatsApp-de-2023-04-17-as-21.33.02-768x1024.jpg\" alt=\"\" class=\"wp-image-1290\"\/><\/figure>\n<\/figure>\n\n\n\n<div style=\"height:25px\" aria-hidden=\"true\" class=\"wp-block-spacer\"><\/div>\n\n\n\n<blockquote class=\"wp-block-quote is-layout-flow wp-block-quote-is-layout-flow\">\n<p>\u201cJ\u00e1 parou para analisar a for\u00e7a de uma rede conectada gerando neg\u00f3cios? Na rede RE\/MAX realizamos uma transa\u00e7\u00e3o a cada 20 segundos! O mercado de franquias fatura bilh\u00f5es a cada ano e juntar-se \u00e0 RE\/MAX Regional Grupo Bahia significa oportunidades incr\u00edveis de crescimento. Nossa marca \u00e9 sin\u00f4nimo de qualidade, credibilidade, confian\u00e7a e excel\u00eancia, e sendo um franqueado, inquestionavelmente, o empreendedor vai elevar o padr\u00e3o, oferecendo aos clientes a melhor experi\u00eancia na jornada de comercializa\u00e7\u00e3o de im\u00f3veis. Levar a excel\u00eancia ao mercado imobili\u00e1rio \u00e9 nossa meta di\u00e1ria. Somos apaixonados por inspirar vidas e construir hist\u00f3rias e at\u00e9 o final de 2023 nosso plano de expans\u00e3o segue intensamente, alcan\u00e7ando regi\u00f5es estrat\u00e9gicas do Estado.\u201d<br><strong>KERLEY REIS E LEANDRO LOPES<\/strong><br><strong>DIRETORES MASTER FRANQUEADOS DA RE\/MAX REGIONAL GRUPO BAHIA<\/strong><\/p>\n<\/blockquote>\n","protected":false},"excerpt":{"rendered":"<p>Permanentemente atenta \u00e0s movimenta\u00e7\u00f5es, oportunidades e inova\u00e7\u00f5es do mercado, a RE\/MAX Regional Grupo Bahia participou no m\u00eas de julho, da Franchise4u, no Fiesta Hotel em Salvador.<\/p>\n","protected":false},"author":1,"featured_media":1430,"comment_status":"open","ping_status":"open","sticky":false,"template":"","format":"standard","meta":{"_et_pb_use_builder":"","_et_pb_old_content":"","_et_gb_content_width":"","inline_featured_image":false,"footnotes":""},"categories":[1],"tags":[],"class_list":["post-1414","post","type-post","status-publish","format-standard","has-post-thumbnail","hentry","category-uncategorized"],"yoast_head":"<!-- This site is optimized with the Yoast SEO plugin v27.5 - https:\/\/yoast.com\/product\/yoast-seo-wordpress\/ -->\n<title>RE\/MAX REGIONAL GRUPO BAHIA PARTICIPA DA FRANCHISE4U EM SALVADOR - RE\/MAX BA<\/title>\n<meta name=\"robots\" content=\"index, follow, max-snippet:-1, max-image-preview:large, max-video-preview:-1\" \/>\n<link rel=\"canonical\" href=\"https:\/\/remaxba.com.br\/index.php\/2023\/07\/18\/re-max-regional-grupo-bahia-participa-da-franchise4u-em-salvador\/\" \/>\n<meta property=\"og:locale\" content=\"pt_BR\" \/>\n<meta property=\"og:type\" content=\"article\" \/>\n<meta property=\"og:title\" content=\"RE\/MAX REGIONAL GRUPO BAHIA PARTICIPA DA FRANCHISE4U EM SALVADOR - RE\/MAX BA\" \/>\n<meta property=\"og:description\" content=\"Permanentemente atenta \u00e0s movimenta\u00e7\u00f5es, oportunidades e inova\u00e7\u00f5es do mercado, a RE\/MAX Regional Grupo Bahia participou no m\u00eas de julho, da Franchise4u, no Fiesta Hotel em Salvador.\" \/>\n<meta property=\"og:url\" content=\"https:\/\/remaxba.com.br\/index.php\/2023\/07\/18\/re-max-regional-grupo-bahia-participa-da-franchise4u-em-salvador\/\" \/>\n<meta property=\"og:site_name\" content=\"RE\/MAX BA\" \/>\n<meta property=\"article:published_time\" content=\"2023-07-18T14:33:21+00:00\" \/>\n<meta property=\"article:modified_time\" content=\"2023-07-18T15:17:11+00:00\" \/>\n<meta property=\"og:image\" content=\"https:\/\/remaxba.com.br\/wp-content\/uploads\/2023\/07\/REMAX-1.png\" \/>\n\t<meta property=\"og:image:width\" content=\"1071\" \/>\n\t<meta property=\"og:image:height\" content=\"589\" \/>\n\t<meta property=\"og:image:type\" content=\"image\/png\" \/>\n<meta name=\"author\" content=\"admin\" \/>\n<meta name=\"twitter:card\" content=\"summary_large_image\" \/>\n<meta name=\"twitter:label1\" content=\"Escrito por\" \/>\n\t<meta name=\"twitter:data1\" content=\"admin\" \/>\n\t<meta name=\"twitter:label2\" content=\"Est. tempo de leitura\" \/>\n\t<meta name=\"twitter:data2\" content=\"3 minutos\" \/>\n<script type=\"application\/ld+json\" class=\"yoast-schema-graph\">{\"@context\":\"https:\\\/\\\/schema.org\",\"@graph\":[{\"@type\":\"Article\",\"@id\":\"https:\\\/\\\/remaxba.com.br\\\/index.php\\\/2023\\\/07\\\/18\\\/re-max-regional-grupo-bahia-participa-da-franchise4u-em-salvador\\\/#article\",\"isPartOf\":{\"@id\":\"https:\\\/\\\/remaxba.com.br\\\/index.php\\\/2023\\\/07\\\/18\\\/re-max-regional-grupo-bahia-participa-da-franchise4u-em-salvador\\\/\"},\"author\":{\"name\":\"admin\",\"@id\":\"https:\\\/\\\/remaxba.com.br\\\/#\\\/schema\\\/person\\\/b255d3fb92692e52ab905369f0c2dfb0\"},\"headline\":\"RE\\\/MAX REGIONAL GRUPO BAHIA PARTICIPA DA FRANCHISE4U EM SALVADOR\",\"datePublished\":\"2023-07-18T14:33:21+00:00\",\"dateModified\":\"2023-07-18T15:17:11+00:00\",\"mainEntityOfPage\":{\"@id\":\"https:\\\/\\\/remaxba.com.br\\\/index.php\\\/2023\\\/07\\\/18\\\/re-max-regional-grupo-bahia-participa-da-franchise4u-em-salvador\\\/\"},\"wordCount\":931,\"commentCount\":0,\"image\":{\"@id\":\"https:\\\/\\\/remaxba.com.br\\\/index.php\\\/2023\\\/07\\\/18\\\/re-max-regional-grupo-bahia-participa-da-franchise4u-em-salvador\\\/#primaryimage\"},\"thumbnailUrl\":\"https:\\\/\\\/remaxba.com.br\\\/wp-content\\\/uploads\\\/2023\\\/07\\\/REMAX-1.png\",\"articleSection\":[\"Uncategorized\"],\"inLanguage\":\"pt-BR\",\"potentialAction\":[{\"@type\":\"CommentAction\",\"name\":\"Comment\",\"target\":[\"https:\\\/\\\/remaxba.com.br\\\/index.php\\\/2023\\\/07\\\/18\\\/re-max-regional-grupo-bahia-participa-da-franchise4u-em-salvador\\\/#respond\"]}]},{\"@type\":\"WebPage\",\"@id\":\"https:\\\/\\\/remaxba.com.br\\\/index.php\\\/2023\\\/07\\\/18\\\/re-max-regional-grupo-bahia-participa-da-franchise4u-em-salvador\\\/\",\"url\":\"https:\\\/\\\/remaxba.com.br\\\/index.php\\\/2023\\\/07\\\/18\\\/re-max-regional-grupo-bahia-participa-da-franchise4u-em-salvador\\\/\",\"name\":\"RE\\\/MAX REGIONAL GRUPO BAHIA PARTICIPA DA FRANCHISE4U EM SALVADOR - RE\\\/MAX BA\",\"isPartOf\":{\"@id\":\"https:\\\/\\\/remaxba.com.br\\\/#website\"},\"primaryImageOfPage\":{\"@id\":\"https:\\\/\\\/remaxba.com.br\\\/index.php\\\/2023\\\/07\\\/18\\\/re-max-regional-grupo-bahia-participa-da-franchise4u-em-salvador\\\/#primaryimage\"},\"image\":{\"@id\":\"https:\\\/\\\/remaxba.com.br\\\/index.php\\\/2023\\\/07\\\/18\\\/re-max-regional-grupo-bahia-participa-da-franchise4u-em-salvador\\\/#primaryimage\"},\"thumbnailUrl\":\"https:\\\/\\\/remaxba.com.br\\\/wp-content\\\/uploads\\\/2023\\\/07\\\/REMAX-1.png\",\"datePublished\":\"2023-07-18T14:33:21+00:00\",\"dateModified\":\"2023-07-18T15:17:11+00:00\",\"author\":{\"@id\":\"https:\\\/\\\/remaxba.com.br\\\/#\\\/schema\\\/person\\\/b255d3fb92692e52ab905369f0c2dfb0\"},\"breadcrumb\":{\"@id\":\"https:\\\/\\\/remaxba.com.br\\\/index.php\\\/2023\\\/07\\\/18\\\/re-max-regional-grupo-bahia-participa-da-franchise4u-em-salvador\\\/#breadcrumb\"},\"inLanguage\":\"pt-BR\",\"potentialAction\":[{\"@type\":\"ReadAction\",\"target\":[\"https:\\\/\\\/remaxba.com.br\\\/index.php\\\/2023\\\/07\\\/18\\\/re-max-regional-grupo-bahia-participa-da-franchise4u-em-salvador\\\/\"]}]},{\"@type\":\"ImageObject\",\"inLanguage\":\"pt-BR\",\"@id\":\"https:\\\/\\\/remaxba.com.br\\\/index.php\\\/2023\\\/07\\\/18\\\/re-max-regional-grupo-bahia-participa-da-franchise4u-em-salvador\\\/#primaryimage\",\"url\":\"https:\\\/\\\/remaxba.com.br\\\/wp-content\\\/uploads\\\/2023\\\/07\\\/REMAX-1.png\",\"contentUrl\":\"https:\\\/\\\/remaxba.com.br\\\/wp-content\\\/uploads\\\/2023\\\/07\\\/REMAX-1.png\",\"width\":1071,\"height\":589},{\"@type\":\"BreadcrumbList\",\"@id\":\"https:\\\/\\\/remaxba.com.br\\\/index.php\\\/2023\\\/07\\\/18\\\/re-max-regional-grupo-bahia-participa-da-franchise4u-em-salvador\\\/#breadcrumb\",\"itemListElement\":[{\"@type\":\"ListItem\",\"position\":1,\"name\":\"In\u00edcio\",\"item\":\"https:\\\/\\\/remaxba.com.br\\\/\"},{\"@type\":\"ListItem\",\"position\":2,\"name\":\"RE\\\/MAX REGIONAL GRUPO BAHIA PARTICIPA DA FRANCHISE4U EM SALVADOR\"}]},{\"@type\":\"WebSite\",\"@id\":\"https:\\\/\\\/remaxba.com.br\\\/#website\",\"url\":\"https:\\\/\\\/remaxba.com.br\\\/\",\"name\":\"RE\\\/MAX BA\",\"description\":\"\",\"potentialAction\":[{\"@type\":\"SearchAction\",\"target\":{\"@type\":\"EntryPoint\",\"urlTemplate\":\"https:\\\/\\\/remaxba.com.br\\\/?s={search_term_string}\"},\"query-input\":{\"@type\":\"PropertyValueSpecification\",\"valueRequired\":true,\"valueName\":\"search_term_string\"}}],\"inLanguage\":\"pt-BR\"},{\"@type\":\"Person\",\"@id\":\"https:\\\/\\\/remaxba.com.br\\\/#\\\/schema\\\/person\\\/b255d3fb92692e52ab905369f0c2dfb0\",\"name\":\"admin\",\"image\":{\"@type\":\"ImageObject\",\"inLanguage\":\"pt-BR\",\"@id\":\"https:\\\/\\\/secure.gravatar.com\\\/avatar\\\/5020d0d7d8f76d564a9cdeef6d96a35d93fb243f6fdfa63712f4f538b95f10e5?s=96&d=mm&r=g\",\"url\":\"https:\\\/\\\/secure.gravatar.com\\\/avatar\\\/5020d0d7d8f76d564a9cdeef6d96a35d93fb243f6fdfa63712f4f538b95f10e5?s=96&d=mm&r=g\",\"contentUrl\":\"https:\\\/\\\/secure.gravatar.com\\\/avatar\\\/5020d0d7d8f76d564a9cdeef6d96a35d93fb243f6fdfa63712f4f538b95f10e5?s=96&d=mm&r=g\",\"caption\":\"admin\"},\"sameAs\":[\"https:\\\/\\\/remaxba.com.br\"],\"url\":\"https:\\\/\\\/remaxba.com.br\\\/index.php\\\/author\\\/remaxba\\\/\"}]}<\/script>\n<!-- \/ Yoast SEO plugin. -->","yoast_head_json":{"title":"RE\/MAX REGIONAL GRUPO BAHIA PARTICIPA DA FRANCHISE4U EM SALVADOR - RE\/MAX BA","robots":{"index":"index","follow":"follow","max-snippet":"max-snippet:-1","max-image-preview":"max-image-preview:large","max-video-preview":"max-video-preview:-1"},"canonical":"https:\/\/remaxba.com.br\/index.php\/2023\/07\/18\/re-max-regional-grupo-bahia-participa-da-franchise4u-em-salvador\/","og_locale":"pt_BR","og_type":"article","og_title":"RE\/MAX REGIONAL GRUPO BAHIA PARTICIPA DA FRANCHISE4U EM SALVADOR - RE\/MAX BA","og_description":"Permanentemente atenta \u00e0s movimenta\u00e7\u00f5es, oportunidades e inova\u00e7\u00f5es do mercado, a RE\/MAX Regional Grupo Bahia participou no m\u00eas de julho, da Franchise4u, no Fiesta Hotel em Salvador.","og_url":"https:\/\/remaxba.com.br\/index.php\/2023\/07\/18\/re-max-regional-grupo-bahia-participa-da-franchise4u-em-salvador\/","og_site_name":"RE\/MAX BA","article_published_time":"2023-07-18T14:33:21+00:00","article_modified_time":"2023-07-18T15:17:11+00:00","og_image":[{"width":1071,"height":589,"url":"https:\/\/remaxba.com.br\/wp-content\/uploads\/2023\/07\/REMAX-1.png","type":"image\/png"}],"author":"admin","twitter_card":"summary_large_image","twitter_misc":{"Escrito por":"admin","Est. tempo de leitura":"3 minutos"},"schema":{"@context":"https:\/\/schema.org","@graph":[{"@type":"Article","@id":"https:\/\/remaxba.com.br\/index.php\/2023\/07\/18\/re-max-regional-grupo-bahia-participa-da-franchise4u-em-salvador\/#article","isPartOf":{"@id":"https:\/\/remaxba.com.br\/index.php\/2023\/07\/18\/re-max-regional-grupo-bahia-participa-da-franchise4u-em-salvador\/"},"author":{"name":"admin","@id":"https:\/\/remaxba.com.br\/#\/schema\/person\/b255d3fb92692e52ab905369f0c2dfb0"},"headline":"RE\/MAX REGIONAL GRUPO BAHIA PARTICIPA DA FRANCHISE4U EM SALVADOR","datePublished":"2023-07-18T14:33:21+00:00","dateModified":"2023-07-18T15:17:11+00:00","mainEntityOfPage":{"@id":"https:\/\/remaxba.com.br\/index.php\/2023\/07\/18\/re-max-regional-grupo-bahia-participa-da-franchise4u-em-salvador\/"},"wordCount":931,"commentCount":0,"image":{"@id":"https:\/\/remaxba.com.br\/index.php\/2023\/07\/18\/re-max-regional-grupo-bahia-participa-da-franchise4u-em-salvador\/#primaryimage"},"thumbnailUrl":"https:\/\/remaxba.com.br\/wp-content\/uploads\/2023\/07\/REMAX-1.png","articleSection":["Uncategorized"],"inLanguage":"pt-BR","potentialAction":[{"@type":"CommentAction","name":"Comment","target":["https:\/\/remaxba.com.br\/index.php\/2023\/07\/18\/re-max-regional-grupo-bahia-participa-da-franchise4u-em-salvador\/#respond"]}]},{"@type":"WebPage","@id":"https:\/\/remaxba.com.br\/index.php\/2023\/07\/18\/re-max-regional-grupo-bahia-participa-da-franchise4u-em-salvador\/","url":"https:\/\/remaxba.com.br\/index.php\/2023\/07\/18\/re-max-regional-grupo-bahia-participa-da-franchise4u-em-salvador\/","name":"RE\/MAX REGIONAL GRUPO BAHIA PARTICIPA DA FRANCHISE4U EM SALVADOR - RE\/MAX BA","isPartOf":{"@id":"https:\/\/remaxba.com.br\/#website"},"primaryImageOfPage":{"@id":"https:\/\/remaxba.com.br\/index.php\/2023\/07\/18\/re-max-regional-grupo-bahia-participa-da-franchise4u-em-salvador\/#primaryimage"},"image":{"@id":"https:\/\/remaxba.com.br\/index.php\/2023\/07\/18\/re-max-regional-grupo-bahia-participa-da-franchise4u-em-salvador\/#primaryimage"},"thumbnailUrl":"https:\/\/remaxba.com.br\/wp-content\/uploads\/2023\/07\/REMAX-1.png","datePublished":"2023-07-18T14:33:21+00:00","dateModified":"2023-07-18T15:17:11+00:00","author":{"@id":"https:\/\/remaxba.com.br\/#\/schema\/person\/b255d3fb92692e52ab905369f0c2dfb0"},"breadcrumb":{"@id":"https:\/\/remaxba.com.br\/index.php\/2023\/07\/18\/re-max-regional-grupo-bahia-participa-da-franchise4u-em-salvador\/#breadcrumb"},"inLanguage":"pt-BR","potentialAction":[{"@type":"ReadAction","target":["https:\/\/remaxba.com.br\/index.php\/2023\/07\/18\/re-max-regional-grupo-bahia-participa-da-franchise4u-em-salvador\/"]}]},{"@type":"ImageObject","inLanguage":"pt-BR","@id":"https:\/\/remaxba.com.br\/index.php\/2023\/07\/18\/re-max-regional-grupo-bahia-participa-da-franchise4u-em-salvador\/#primaryimage","url":"https:\/\/remaxba.com.br\/wp-content\/uploads\/2023\/07\/REMAX-1.png","contentUrl":"https:\/\/remaxba.com.br\/wp-content\/uploads\/2023\/07\/REMAX-1.png","width":1071,"height":589},{"@type":"BreadcrumbList","@id":"https:\/\/remaxba.com.br\/index.php\/2023\/07\/18\/re-max-regional-grupo-bahia-participa-da-franchise4u-em-salvador\/#breadcrumb","itemListElement":[{"@type":"ListItem","position":1,"name":"In\u00edcio","item":"https:\/\/remaxba.com.br\/"},{"@type":"ListItem","position":2,"name":"RE\/MAX REGIONAL GRUPO BAHIA PARTICIPA DA FRANCHISE4U EM SALVADOR"}]},{"@type":"WebSite","@id":"https:\/\/remaxba.com.br\/#website","url":"https:\/\/remaxba.com.br\/","name":"RE\/MAX BA","description":"","potentialAction":[{"@type":"SearchAction","target":{"@type":"EntryPoint","urlTemplate":"https:\/\/remaxba.com.br\/?s={search_term_string}"},"query-input":{"@type":"PropertyValueSpecification","valueRequired":true,"valueName":"search_term_string"}}],"inLanguage":"pt-BR"},{"@type":"Person","@id":"https:\/\/remaxba.com.br\/#\/schema\/person\/b255d3fb92692e52ab905369f0c2dfb0","name":"admin","image":{"@type":"ImageObject","inLanguage":"pt-BR","@id":"https:\/\/secure.gravatar.com\/avatar\/5020d0d7d8f76d564a9cdeef6d96a35d93fb243f6fdfa63712f4f538b95f10e5?s=96&d=mm&r=g","url":"https:\/\/secure.gravatar.com\/avatar\/5020d0d7d8f76d564a9cdeef6d96a35d93fb243f6fdfa63712f4f538b95f10e5?s=96&d=mm&r=g","contentUrl":"https:\/\/secure.gravatar.com\/avatar\/5020d0d7d8f76d564a9cdeef6d96a35d93fb243f6fdfa63712f4f538b95f10e5?s=96&d=mm&r=g","caption":"admin"},"sameAs":["https:\/\/remaxba.com.br"],"url":"https:\/\/remaxba.com.br\/index.php\/author\/remaxba\/"}]}},"_links":{"self":[{"href":"https:\/\/remaxba.com.br\/index.php\/wp-json\/wp\/v2\/posts\/1414","targetHints":{"allow":["GET"]}}],"collection":[{"href":"https:\/\/remaxba.com.br\/index.php\/wp-json\/wp\/v2\/posts"}],"about":[{"href":"https:\/\/remaxba.com.br\/index.php\/wp-json\/wp\/v2\/types\/post"}],"author":[{"embeddable":true,"href":"https:\/\/remaxba.com.br\/index.php\/wp-json\/wp\/v2\/users\/1"}],"replies":[{"embeddable":true,"href":"https:\/\/remaxba.com.br\/index.php\/wp-json\/wp\/v2\/comments?post=1414"}],"version-history":[{"count":10,"href":"https:\/\/remaxba.com.br\/index.php\/wp-json\/wp\/v2\/posts\/1414\/revisions"}],"predecessor-version":[{"id":1427,"href":"https:\/\/remaxba.com.br\/index.php\/wp-json\/wp\/v2\/posts\/1414\/revisions\/1427"}],"wp:featuredmedia":[{"embeddable":true,"href":"https:\/\/remaxba.com.br\/index.php\/wp-json\/wp\/v2\/media\/1430"}],"wp:attachment":[{"href":"https:\/\/remaxba.com.br\/index.php\/wp-json\/wp\/v2\/media?parent=1414"}],"wp:term":[{"taxonomy":"category","embeddable":true,"href":"https:\/\/remaxba.com.br\/index.php\/wp-json\/wp\/v2\/categories?post=1414"},{"taxonomy":"post_tag","embeddable":true,"href":"https:\/\/remaxba.com.br\/index.php\/wp-json\/wp\/v2\/tags?post=1414"}],"curies":[{"name":"wp","href":"https:\/\/api.w.org\/{rel}","templated":true}]}}