{"id":1274,"date":"2023-04-18T01:47:14","date_gmt":"2023-04-18T01:47:14","guid":{"rendered":"https:\/\/remaxba.com.br\/?p=1274"},"modified":"2023-04-18T11:37:32","modified_gmt":"2023-04-18T11:37:32","slug":"re-max-grupo-bahia-conquista-importante-premiacao-top-2-master-franquia-regional-venda-de-franquias-do-ano-de-2022","status":"publish","type":"post","link":"https:\/\/remaxba.com.br\/index.php\/2023\/04\/18\/re-max-grupo-bahia-conquista-importante-premiacao-top-2-master-franquia-regional-venda-de-franquias-do-ano-de-2022\/","title":{"rendered":"RE\/MAX GRUPO BAHIA CONQUISTA IMPORTANTE PREMIA\u00c7\u00c3O: TOP 2 MASTER FRANQUIA REGIONAL VENDA DE FRANQUIAS DO ANO DE 2022."},"content":{"rendered":"\n<p>Momento hist\u00f3rico! A RE\/MAX GRUPO BAHIA acaba de conquistar uma importante premia\u00e7\u00e3o nacional<strong>: TOP 2 MASTER FRANQUIA REGIONAL VENDA DE FRANQUIAS DO ANO DE 2022<\/strong>.<\/p>\n\n\n\n<p>A distin\u00e7\u00e3o foi recebida pelos diretores Master Franqueados Kerley Reis e Leandro Lopes durante a C7 BRASIL AND FRIENDS, a maior conven\u00e7\u00e3o da RE\/MAX no Brasil e um dos maiores eventos do ano do mercado imobili\u00e1rio brasileiro.<\/p>\n\n\n\n<figure class=\"wp-block-image size-large\"><img loading=\"lazy\" decoding=\"async\" width=\"768\" height=\"1024\" src=\"https:\/\/remaxba.com.br\/wp-content\/uploads\/2023\/04\/Imagem-do-WhatsApp-de-2023-04-17-as-21.33.02-768x1024.jpg\" alt=\"\" class=\"wp-image-1290\"\/><figcaption class=\"wp-element-caption\"><strong>Kerley Reis e Leandro Lopes &#8211; Master Franqueados Regional RE\/MAX GRUPO BAHIA<\/strong><\/figcaption><\/figure>\n\n\n\n<figure class=\"wp-block-image size-full\"><img loading=\"lazy\" decoding=\"async\" width=\"768\" height=\"1024\" src=\"https:\/\/remaxba.com.br\/wp-content\/uploads\/2023\/04\/Imagem-do-WhatsApp-de-2023-04-17-as-21.34.05.jpg\" alt=\"\" class=\"wp-image-1292\" srcset=\"https:\/\/remaxba.com.br\/wp-content\/uploads\/2023\/04\/Imagem-do-WhatsApp-de-2023-04-17-as-21.34.05.jpg 768w, https:\/\/remaxba.com.br\/wp-content\/uploads\/2023\/04\/Imagem-do-WhatsApp-de-2023-04-17-as-21.34.05-480x640.jpg 480w\" sizes=\"(min-width: 0px) and (max-width: 480px) 480px, (min-width: 481px) 768px, 100vw\" \/><\/figure>\n\n\n\n<p>A 12\u00aa edi\u00e7\u00e3o do renomado e tradicional evento aconteceu no Centro de Conven\u00e7\u00f5es Royal Palm Hall, em Campinas\/SP e contou com a participa\u00e7\u00e3o de toda a rede &#8211; s\u00f3 no Brasil mais de 620 ag\u00eancias e 8.000 profissionais na for\u00e7a de vendas, al\u00e9m de palestrantes nacionais e internacionais.<\/p>\n\n\n\n<figure class=\"wp-block-image size-large\"><img loading=\"lazy\" decoding=\"async\" width=\"1024\" height=\"871\" src=\"https:\/\/remaxba.com.br\/wp-content\/uploads\/2023\/04\/Imagem-do-WhatsApp-de-2023-04-17-as-21.41.26-1-1024x871.jpg\" alt=\"\" class=\"wp-image-1286\" srcset=\"https:\/\/remaxba.com.br\/wp-content\/uploads\/2023\/04\/Imagem-do-WhatsApp-de-2023-04-17-as-21.41.26-1-1024x871.jpg 1024w, https:\/\/remaxba.com.br\/wp-content\/uploads\/2023\/04\/Imagem-do-WhatsApp-de-2023-04-17-as-21.41.26-1-980x834.jpg 980w, https:\/\/remaxba.com.br\/wp-content\/uploads\/2023\/04\/Imagem-do-WhatsApp-de-2023-04-17-as-21.41.26-1-480x408.jpg 480w\" sizes=\"(min-width: 0px) and (max-width: 480px) 480px, (min-width: 481px) and (max-width: 980px) 980px, (min-width: 981px) 1024px, 100vw\" \/><\/figure>\n\n\n\n<figure class=\"wp-block-image size-full\"><img loading=\"lazy\" decoding=\"async\" width=\"972\" height=\"641\" src=\"https:\/\/remaxba.com.br\/wp-content\/uploads\/2023\/04\/25ok.png\" alt=\"\" class=\"wp-image-1318\" srcset=\"https:\/\/remaxba.com.br\/wp-content\/uploads\/2023\/04\/25ok.png 972w, https:\/\/remaxba.com.br\/wp-content\/uploads\/2023\/04\/25ok-480x317.png 480w\" sizes=\"(min-width: 0px) and (max-width: 480px) 480px, (min-width: 481px) 972px, 100vw\" \/><figcaption class=\"wp-element-caption\"><strong>Peixoto&nbsp;Accyoli &#8211; CEO da RE\/MAX no Brasil<\/strong><\/figcaption><\/figure>\n\n\n\n<figure class=\"wp-block-image size-full\"><img loading=\"lazy\" decoding=\"async\" width=\"969\" height=\"650\" src=\"https:\/\/remaxba.com.br\/wp-content\/uploads\/2023\/04\/200.png\" alt=\"\" class=\"wp-image-1356\" srcset=\"https:\/\/remaxba.com.br\/wp-content\/uploads\/2023\/04\/200.png 969w, https:\/\/remaxba.com.br\/wp-content\/uploads\/2023\/04\/200-480x322.png 480w\" sizes=\"(min-width: 0px) and (max-width: 480px) 480px, (min-width: 481px) 969px, 100vw\" \/><figcaption class=\"wp-element-caption\"><strong>Jan Repa &#8211; Vice-Presidente Global RE\/MAX<\/strong><\/figcaption><\/figure>\n\n\n\n<p>Sucesso anual de p\u00fablico e audi\u00eancia, o grande encontro reuniu nomes de peso do mercado imobili\u00e1rio e profissionais de todos os Estados: mais de 1.800 pessoas inscritas, imersas na cultura da empresa que mais vende im\u00f3veis no mundo.<\/p>\n\n\n\n<p>A comitiva baiana, liderada por Kerley Reis e Leandro Lopes &#8211; Master Franqueados Regional RE\/MAX GRUPO BAHIA, contou com a presen\u00e7a de franqueados, brokers e corretores das ag\u00eancias que comp\u00f5em a rede na regi\u00e3o \u2013 trazendo em seu DNA a paix\u00e3o por servir, foco na cultura de alta performance e o objetivo de proporcionar a melhor experi\u00eancia na jornada de comercializa\u00e7\u00e3o.<\/p>\n\n\n\n<figure class=\"wp-block-image size-full\"><img loading=\"lazy\" decoding=\"async\" width=\"975\" height=\"619\" src=\"https:\/\/remaxba.com.br\/wp-content\/uploads\/2023\/04\/2.png\" alt=\"\" class=\"wp-image-1303\" srcset=\"https:\/\/remaxba.com.br\/wp-content\/uploads\/2023\/04\/2.png 975w, https:\/\/remaxba.com.br\/wp-content\/uploads\/2023\/04\/2-480x305.png 480w\" sizes=\"(min-width: 0px) and (max-width: 480px) 480px, (min-width: 481px) 975px, 100vw\" \/><\/figure>\n\n\n\n<p>C7 \u00e9 uma verdadeira imers\u00e3o no modelo RE\/MAX &#8211; ocasi\u00e3o imperd\u00edvel para desenvolver conhecimentos sobre as melhores pr\u00e1ticas mundiais, fomentar o relacionamento e parceria entre os membros da rede no Brasil e exterior.<\/p>\n\n\n\n<figure class=\"wp-block-image size-full\"><img loading=\"lazy\" decoding=\"async\" width=\"977\" height=\"650\" src=\"https:\/\/remaxba.com.br\/wp-content\/uploads\/2023\/04\/30.png\" alt=\"\" class=\"wp-image-1321\" srcset=\"https:\/\/remaxba.com.br\/wp-content\/uploads\/2023\/04\/30.png 977w, https:\/\/remaxba.com.br\/wp-content\/uploads\/2023\/04\/30-480x319.png 480w\" sizes=\"(min-width: 0px) and (max-width: 480px) 480px, (min-width: 481px) 977px, 100vw\" \/><\/figure>\n\n\n\n<blockquote class=\"wp-block-quote is-layout-flow wp-block-quote-is-layout-flow\">\n<p>\u201cA Conven\u00e7\u00e3o Nacional C7 Brasil and Friends \u00e9 uma oportunidade fant\u00e1stica de se desenvolver, se relacionar, ver e ser visto, aprender, crescer, trocar ideias e celebrar conquistas com grande reconhecimento. Dias intenso de um mergulho profundo no universo RE\/MAX, atrav\u00e9s de palestras sensacionais, workshops, experi\u00eancias de neg\u00f3cios, momentos de descontra\u00e7\u00e3o e networking com centenas de participantes.\u201d<br><strong>Kerley Reis \u2013 Master Franqueado Regional RE\/MAX GRUPO BAHIA<\/strong><\/p>\n<\/blockquote>\n\n\n\n<figure class=\"wp-block-image size-full\"><img loading=\"lazy\" decoding=\"async\" width=\"969\" height=\"629\" src=\"https:\/\/remaxba.com.br\/wp-content\/uploads\/2023\/04\/1000.png\" alt=\"\" class=\"wp-image-1354\" srcset=\"https:\/\/remaxba.com.br\/wp-content\/uploads\/2023\/04\/1000.png 969w, https:\/\/remaxba.com.br\/wp-content\/uploads\/2023\/04\/1000-480x312.png 480w\" sizes=\"(min-width: 0px) and (max-width: 480px) 480px, (min-width: 481px) 969px, 100vw\" \/><\/figure>\n\n\n\n<figure class=\"wp-block-image size-full\"><img loading=\"lazy\" decoding=\"async\" width=\"1024\" height=\"683\" src=\"https:\/\/remaxba.com.br\/wp-content\/uploads\/2023\/04\/Imagem-do-WhatsApp-de-2023-04-17-as-21.39.26.jpg\" alt=\"\" class=\"wp-image-1297\" srcset=\"https:\/\/remaxba.com.br\/wp-content\/uploads\/2023\/04\/Imagem-do-WhatsApp-de-2023-04-17-as-21.39.26.jpg 1024w, https:\/\/remaxba.com.br\/wp-content\/uploads\/2023\/04\/Imagem-do-WhatsApp-de-2023-04-17-as-21.39.26-980x654.jpg 980w, https:\/\/remaxba.com.br\/wp-content\/uploads\/2023\/04\/Imagem-do-WhatsApp-de-2023-04-17-as-21.39.26-480x320.jpg 480w\" sizes=\"(min-width: 0px) and (max-width: 480px) 480px, (min-width: 481px) and (max-width: 980px) 980px, (min-width: 981px) 1024px, 100vw\" \/><\/figure>\n\n\n\n<h1 class=\"wp-block-heading\"><strong>PROGRAMA\u00c7\u00c3O<\/strong><\/h1>\n\n\n\n<p>Quem prestigiou o evento, p\u00f4de contemplar a melhor e mais completa programa\u00e7\u00e3o \u2013 insights de sucesso para quem deseja romper barreiras, superar desafios e crescer exponencialmente na carreira e nos neg\u00f3cios.<\/p>\n\n\n\n<p>Nos dias 11 e 12, a PR\u00c9-CONVEN\u00c7\u00c3O, direcionada ao aprendizado de franqueados, brokers e corretores empreendedores \u2013 trouxe workshops com grandes nomes do mercado imobili\u00e1rio.<\/p>\n\n\n\n<p>Baris Kili\u00e7arslan abordou os PRINC\u00cdPIOS DE SUCESSO EXTRAORDIN\u00c1RIO \u2013 trazendo imers\u00e3o na metodologia e no mindset dos melhores brokers e corretores do mundo.<\/p>\n\n\n\n<figure class=\"wp-block-image size-full\"><img loading=\"lazy\" decoding=\"async\" width=\"985\" height=\"631\" src=\"https:\/\/remaxba.com.br\/wp-content\/uploads\/2023\/04\/50.png\" alt=\"\" class=\"wp-image-1325\" srcset=\"https:\/\/remaxba.com.br\/wp-content\/uploads\/2023\/04\/50.png 985w, https:\/\/remaxba.com.br\/wp-content\/uploads\/2023\/04\/50-980x628.png 980w, https:\/\/remaxba.com.br\/wp-content\/uploads\/2023\/04\/50-480x307.png 480w\" sizes=\"(min-width: 0px) and (max-width: 480px) 480px, (min-width: 481px) and (max-width: 980px) 980px, (min-width: 981px) 985px, 100vw\" \/><\/figure>\n\n\n\n<p>J\u00e1 com Mario Castro &#8211; um dos maiores team leaders do mundo, os participantes aprenderam todas as estrat\u00e9gias para gerar oportunidades, t\u00e9cnicas para se tornar um team leader de sucesso e como fazer marketing pessoal de forma eficiente.<\/p>\n\n\n\n<figure class=\"wp-block-image size-full\"><img loading=\"lazy\" decoding=\"async\" width=\"968\" height=\"651\" src=\"https:\/\/remaxba.com.br\/wp-content\/uploads\/2023\/04\/mario.png\" alt=\"\" class=\"wp-image-1323\" srcset=\"https:\/\/remaxba.com.br\/wp-content\/uploads\/2023\/04\/mario.png 968w, https:\/\/remaxba.com.br\/wp-content\/uploads\/2023\/04\/mario-480x323.png 480w\" sizes=\"(min-width: 0px) and (max-width: 480px) 480px, (min-width: 481px) 968px, 100vw\" \/><\/figure>\n\n\n\n<p>Nos dias 13, 14 e 15 &#8211; CONVEN\u00c7\u00c3O, mais de 50 horas de conte\u00fados atravessaram os turnos da manh\u00e3 e tarde, al\u00e9m da Premia\u00e7\u00e3o Noite das Estrelas e a grande Festa de Encerramento.<\/p>\n\n\n\n<figure class=\"wp-block-image size-large\"><img loading=\"lazy\" decoding=\"async\" width=\"1024\" height=\"768\" src=\"https:\/\/remaxba.com.br\/wp-content\/uploads\/2023\/04\/a-1024x768.jpg\" alt=\"\" class=\"wp-image-1379\" srcset=\"https:\/\/remaxba.com.br\/wp-content\/uploads\/2023\/04\/a-980x735.jpg 980w, https:\/\/remaxba.com.br\/wp-content\/uploads\/2023\/04\/a-480x360.jpg 480w\" sizes=\"(min-width: 0px) and (max-width: 480px) 480px, (min-width: 481px) and (max-width: 980px) 980px, (min-width: 981px) 1024px, 100vw\" \/><figcaption class=\"wp-element-caption\"><strong>Centro de Conven\u00e7\u00f5es Royal Palm Hall, Campinas\/SP<\/strong><\/figcaption><\/figure>\n\n\n\n<figure class=\"wp-block-image size-large\"><img loading=\"lazy\" decoding=\"async\" width=\"768\" height=\"1024\" src=\"https:\/\/remaxba.com.br\/wp-content\/uploads\/2023\/04\/17ok-768x1024.jpg\" alt=\"\" class=\"wp-image-1364\"\/><figcaption class=\"wp-element-caption\"><strong>RE\/MAX Brasil fecha parceria exclusiva com Buffini &amp; Company<\/strong><br><strong>Programa de Treinamento 100 Days to Greatness <\/strong><\/figcaption><\/figure>\n\n\n\n<figure class=\"wp-block-image size-full\"><img loading=\"lazy\" decoding=\"async\" width=\"981\" height=\"645\" src=\"https:\/\/remaxba.com.br\/wp-content\/uploads\/2023\/04\/60.png\" alt=\"\" class=\"wp-image-1327\" srcset=\"https:\/\/remaxba.com.br\/wp-content\/uploads\/2023\/04\/60.png 981w, https:\/\/remaxba.com.br\/wp-content\/uploads\/2023\/04\/60-480x316.png 480w\" sizes=\"(min-width: 0px) and (max-width: 480px) 480px, (min-width: 481px) 981px, 100vw\" \/><\/figure>\n\n\n\n<figure class=\"wp-block-image size-large\"><img loading=\"lazy\" decoding=\"async\" width=\"1024\" height=\"683\" src=\"https:\/\/remaxba.com.br\/wp-content\/uploads\/2023\/04\/Snapinsta.app_340980364_597695945632382_8985157465997883456_n_1080-1024x683.jpg\" alt=\"\" class=\"wp-image-1282\" srcset=\"https:\/\/remaxba.com.br\/wp-content\/uploads\/2023\/04\/Snapinsta.app_340980364_597695945632382_8985157465997883456_n_1080-1024x683.jpg 1024w, https:\/\/remaxba.com.br\/wp-content\/uploads\/2023\/04\/Snapinsta.app_340980364_597695945632382_8985157465997883456_n_1080-980x654.jpg 980w, https:\/\/remaxba.com.br\/wp-content\/uploads\/2023\/04\/Snapinsta.app_340980364_597695945632382_8985157465997883456_n_1080-480x320.jpg 480w\" sizes=\"(min-width: 0px) and (max-width: 480px) 480px, (min-width: 481px) and (max-width: 980px) 980px, (min-width: 981px) 1024px, 100vw\" \/><\/figure>\n\n\n\n<figure class=\"wp-block-image size-large\"><img loading=\"lazy\" decoding=\"async\" width=\"1024\" height=\"589\" src=\"https:\/\/remaxba.com.br\/wp-content\/uploads\/2023\/04\/b-1024x589.jpg\" alt=\"\" class=\"wp-image-1381\" srcset=\"https:\/\/remaxba.com.br\/wp-content\/uploads\/2023\/04\/b-1024x589.jpg 1024w, https:\/\/remaxba.com.br\/wp-content\/uploads\/2023\/04\/b-980x564.jpg 980w, https:\/\/remaxba.com.br\/wp-content\/uploads\/2023\/04\/b-480x276.jpg 480w\" sizes=\"(min-width: 0px) and (max-width: 480px) 480px, (min-width: 481px) and (max-width: 980px) 980px, (min-width: 981px) 1024px, 100vw\" \/><figcaption class=\"wp-element-caption\"><strong>INSPIRAR VIDAS E CONSTRUIR HIST\u00d3RIAS<\/strong><\/figcaption><\/figure>\n\n\n\n<h1 class=\"wp-block-heading\">NOITE DAS ESTRELAS<\/h1>\n\n\n\n<p>Na Noite das Estrelas, diversas ag\u00eancias e corretores RE\/MAX GRUPO BAHIA tiveram a honra de ocupar posi\u00e7\u00f5es de destaque. Os trof\u00e9us foram entregues pessoalmente pelo CEO da RE\/MAX no Brasil \u2013 Peixoto&nbsp;Accyoli e pelo Vice-Presidente Global \u2013 Jan Repa.<\/p>\n\n\n\n<figure class=\"wp-block-image size-full\"><img loading=\"lazy\" decoding=\"async\" width=\"967\" height=\"659\" src=\"https:\/\/remaxba.com.br\/wp-content\/uploads\/2023\/04\/80.png\" alt=\"\" class=\"wp-image-1329\" srcset=\"https:\/\/remaxba.com.br\/wp-content\/uploads\/2023\/04\/80.png 967w, https:\/\/remaxba.com.br\/wp-content\/uploads\/2023\/04\/80-480x327.png 480w\" sizes=\"(min-width: 0px) and (max-width: 480px) 480px, (min-width: 481px) 967px, 100vw\" \/><\/figure>\n\n\n\n<figure class=\"wp-block-image size-large\"><img loading=\"lazy\" decoding=\"async\" width=\"881\" height=\"1024\" src=\"https:\/\/remaxba.com.br\/wp-content\/uploads\/2023\/04\/Imagem-do-WhatsApp-de-2023-04-17-as-21.33.30-881x1024.jpg\" alt=\"\" class=\"wp-image-1288\"\/><figcaption class=\"wp-element-caption\"><strong>Parte do Time de Brokers RE\/MAX GRUPO BAHIA<\/strong><br><strong>Kerley Reis \u2013 Master Franqueado Regional RE\/MAX GRUPO BAHIA<\/strong><\/figcaption><\/figure>\n\n\n\n<figure class=\"wp-block-image aligncenter size-full\"><img loading=\"lazy\" decoding=\"async\" width=\"442\" height=\"619\" src=\"https:\/\/remaxba.com.br\/wp-content\/uploads\/2023\/04\/17-2.png\" alt=\"\" class=\"wp-image-1397\" srcset=\"https:\/\/remaxba.com.br\/wp-content\/uploads\/2023\/04\/17-2.png 442w, https:\/\/remaxba.com.br\/wp-content\/uploads\/2023\/04\/17-2-214x300.png 214w\" sizes=\"(max-width: 442px) 100vw, 442px\" \/><figcaption class=\"wp-element-caption\"><strong>LORENA COSTA<\/strong><br><strong>TOP 1 PRODUCER RE\/MAX \u2013 RANKING REGIONAL GRUPO BAHIA<\/strong><\/figcaption><\/figure>\n\n\n\n<figure class=\"wp-block-image aligncenter size-full\"><img loading=\"lazy\" decoding=\"async\" width=\"430\" height=\"624\" src=\"https:\/\/remaxba.com.br\/wp-content\/uploads\/2023\/04\/20-2.png\" alt=\"\" class=\"wp-image-1395\" srcset=\"https:\/\/remaxba.com.br\/wp-content\/uploads\/2023\/04\/20-2.png 430w, https:\/\/remaxba.com.br\/wp-content\/uploads\/2023\/04\/20-2-207x300.png 207w\" sizes=\"(max-width: 430px) 100vw, 430px\" \/><figcaption class=\"wp-element-caption\"><strong>IRINEA COSTA ANDRADE<br>FRANQUEADA RE\/MAX SOL<\/strong><\/figcaption><\/figure>\n\n\n\n<blockquote class=\"wp-block-quote is-layout-flow wp-block-quote-is-layout-flow\">\n<p>&#8220;Orgulho imenso da nossa regional! Comemoramos junto aos nossos franqueados e corretores associados o grande sucesso da franquia, excelentes resultados obtidos e conquistas. Estamos celebrando recordes hist\u00f3ricos de faturamento, tanto das ag\u00eancias quanto de agentes associados \u00e0 marca.\u201d<br><strong><strong><strong>Leandro Lopes<\/strong><\/strong> \u2013 Master Franqueado Regional RE\/MAX GRUPO BAHIA<\/strong><\/p>\n<\/blockquote>\n\n\n\n<h1 class=\"wp-block-heading\"><strong>CRESCIMENTO EXPONENCIAL<\/strong><\/h1>\n\n\n\n<p>Registrando crescimento exponencial &#8211; em unidades abertas, corretores associados e faturamento\/valores espetaculares em VGC, a grande fam\u00edlia RE\/MAX GRUPO BAHIA vem atuando ao longo dos anos com maestria na capital e cidades do interior, colhendo os frutos do sucesso de suas opera\u00e7\u00f5es e neg\u00f3cios.<\/p>\n\n\n\n<p>L\u00edder em franquia imobili\u00e1ria, a RE\/MAX tem demonstrado ser um investimento seguro e rent\u00e1vel para os empreendedores. Todas as fases do neg\u00f3cio s\u00e3o monitoradas por uma equipe experiente que garante a legalidade da aquisi\u00e7\u00e3o, oferecendo total seguran\u00e7a e transpar\u00eancia.<\/p>\n\n\n\n<p>Com grande capilaridade, a rede possibilita um leque vasto de op\u00e7\u00f5es para compra ou venda de im\u00f3veis em qualquer lugar do Brasil ou do mundo. Para os clientes, m\u00e1xima entrega na presta\u00e7\u00e3o de servi\u00e7o imobili\u00e1rio por meio das melhores pr\u00e1ticas mundiais. Para integrantes da rede, valoriza\u00e7\u00e3o do corretor de im\u00f3veis, com foco no desenvolvimento cont\u00ednuo.<\/p>\n\n\n\n<p>A RE\/MAX GRUPO BAHIA trabalha com um formato completo que engloba recrutamento, forma\u00e7\u00e3o, treinamento, acompanhamento e aperfei\u00e7oamento, incluindo acesso \u00e0 Universidade Corporativa RE\/MAX.<\/p>\n\n\n\n<p>Eventos como a Conven\u00e7\u00e3o C7 reiteram o reconhecimento da marca e qualidade dos servi\u00e7os prestados. A franquia \u00e9 um verdadeiro presente para a Bahia. Quando o bal\u00e3o da RE\/MAX pousa em uma cidade, pousam junto o desenvolvimento econ\u00f4mico e uma s\u00e9rie de benef\u00edcios.<\/p>\n\n\n\n<p><\/p>\n\n\n\n<blockquote class=\"wp-block-quote is-layout-flow wp-block-quote-is-layout-flow\">\n<p>\u201cAcreditamos na transforma\u00e7\u00e3o da vida \u2013 profissional e pessoal, de todos os envolvidos na opera\u00e7\u00e3o RE\/MAX GRUPO BAHIA. Um dos desafios que nos move durante o ano inteiro, \u00e9 fazer com que cada franqueado, broker e corretor empreendedor tenha conosco uma experi\u00eancia transformadora, fazendo jus aos nossos tr\u00eas fundamentos: m\u00e1ximo servi\u00e7o para o cliente, m\u00e1xima comiss\u00e3o para o corretor e m\u00e1xima rentabilidade para o franqueado, numa cadeia virtuosa onde todos ganham. Agradecemos profundamente a confian\u00e7a depositada em nosso trabalho. Estamos apenas no come\u00e7o! Entre conosco em nosso bal\u00e3o de sucesso e fa\u00e7a parte do crescimento gigantesco da maior rede imobili\u00e1ria do mundo.&#8221;<br><strong><strong>Kerley Reis e Leandro Lopes &#8211; Master Franqueados Regional RE\/MAX GRUPO BAHIA<\/strong><\/strong><\/p>\n<\/blockquote>\n\n\n\n<figure class=\"wp-block-image size-full\"><img loading=\"lazy\" decoding=\"async\" width=\"973\" height=\"637\" src=\"https:\/\/remaxba.com.br\/wp-content\/uploads\/2023\/04\/7.png\" alt=\"\" class=\"wp-image-1312\" srcset=\"https:\/\/remaxba.com.br\/wp-content\/uploads\/2023\/04\/7.png 973w, https:\/\/remaxba.com.br\/wp-content\/uploads\/2023\/04\/7-480x314.png 480w\" sizes=\"(min-width: 0px) and (max-width: 480px) 480px, (min-width: 481px) 973px, 100vw\" \/><figcaption class=\"wp-element-caption\"><strong>Kerley Reis e Leandro Lopes &#8211; Master Franqueados Regional RE\/MAX GRUPO BAHIA com Peixoto&nbsp;Accyoli CEO da RE\/MAX no Brasil&nbsp;<\/strong><\/figcaption><\/figure>\n","protected":false},"excerpt":{"rendered":"<p>Momento hist\u00f3rico! A RE\/MAX GRUPO BAHIA acaba de conquistar uma importante premia\u00e7\u00e3o nacional: TOP 2 MASTER FRANQUIA REGIONAL VENDA DE FRANQUIAS DO ANO DE 2022. A distin\u00e7\u00e3o foi recebida pelos diretores Master Franqueados Kerley Reis e Leandro Lopes durante a C7 BRASIL AND FRIENDS, a maior conven\u00e7\u00e3o da RE\/MAX no Brasil e um dos maiores eventos do ano do mercado imobili\u00e1rio brasileiro.<\/p>\n","protected":false},"author":1,"featured_media":1290,"comment_status":"open","ping_status":"open","sticky":false,"template":"","format":"standard","meta":{"_et_pb_use_builder":"","_et_pb_old_content":"","_et_gb_content_width":"","inline_featured_image":false,"footnotes":""},"categories":[1],"tags":[],"class_list":["post-1274","post","type-post","status-publish","format-standard","has-post-thumbnail","hentry","category-uncategorized"],"yoast_head":"<!-- This site is optimized with the Yoast SEO plugin v27.5 - https:\/\/yoast.com\/product\/yoast-seo-wordpress\/ -->\n<title>RE\/MAX GRUPO BAHIA CONQUISTA IMPORTANTE PREMIA\u00c7\u00c3O: TOP 2 MASTER FRANQUIA REGIONAL VENDA DE FRANQUIAS DO ANO DE 2022. - RE\/MAX BA<\/title>\n<meta name=\"robots\" content=\"index, follow, max-snippet:-1, max-image-preview:large, max-video-preview:-1\" \/>\n<link rel=\"canonical\" href=\"https:\/\/remaxba.com.br\/index.php\/2023\/04\/18\/re-max-grupo-bahia-conquista-importante-premiacao-top-2-master-franquia-regional-venda-de-franquias-do-ano-de-2022\/\" \/>\n<meta property=\"og:locale\" content=\"pt_BR\" \/>\n<meta property=\"og:type\" content=\"article\" \/>\n<meta property=\"og:title\" content=\"RE\/MAX GRUPO BAHIA CONQUISTA IMPORTANTE PREMIA\u00c7\u00c3O: TOP 2 MASTER FRANQUIA REGIONAL VENDA DE FRANQUIAS DO ANO DE 2022. - RE\/MAX BA\" \/>\n<meta property=\"og:description\" content=\"Momento hist\u00f3rico! A RE\/MAX GRUPO BAHIA acaba de conquistar uma importante premia\u00e7\u00e3o nacional: TOP 2 MASTER FRANQUIA REGIONAL VENDA DE FRANQUIAS DO ANO DE 2022. A distin\u00e7\u00e3o foi recebida pelos diretores Master Franqueados Kerley Reis e Leandro Lopes durante a C7 BRASIL AND FRIENDS, a maior conven\u00e7\u00e3o da RE\/MAX no Brasil e um dos maiores eventos do ano do mercado imobili\u00e1rio brasileiro.\" \/>\n<meta property=\"og:url\" content=\"https:\/\/remaxba.com.br\/index.php\/2023\/04\/18\/re-max-grupo-bahia-conquista-importante-premiacao-top-2-master-franquia-regional-venda-de-franquias-do-ano-de-2022\/\" \/>\n<meta property=\"og:site_name\" content=\"RE\/MAX BA\" \/>\n<meta property=\"article:published_time\" content=\"2023-04-18T01:47:14+00:00\" \/>\n<meta property=\"article:modified_time\" content=\"2023-04-18T11:37:32+00:00\" \/>\n<meta property=\"og:image\" content=\"https:\/\/remaxba.com.br\/wp-content\/uploads\/2023\/04\/Imagem-do-WhatsApp-de-2023-04-17-as-21.33.02.jpg\" \/>\n\t<meta property=\"og:image:width\" content=\"1200\" \/>\n\t<meta property=\"og:image:height\" content=\"1600\" \/>\n\t<meta property=\"og:image:type\" content=\"image\/jpeg\" \/>\n<meta name=\"author\" content=\"admin\" \/>\n<meta name=\"twitter:card\" content=\"summary_large_image\" \/>\n<meta name=\"twitter:label1\" content=\"Escrito por\" \/>\n\t<meta name=\"twitter:data1\" content=\"admin\" \/>\n\t<meta name=\"twitter:label2\" content=\"Est. tempo de leitura\" \/>\n\t<meta name=\"twitter:data2\" content=\"10 minutos\" \/>\n<script type=\"application\/ld+json\" class=\"yoast-schema-graph\">{\"@context\":\"https:\\\/\\\/schema.org\",\"@graph\":[{\"@type\":\"Article\",\"@id\":\"https:\\\/\\\/remaxba.com.br\\\/index.php\\\/2023\\\/04\\\/18\\\/re-max-grupo-bahia-conquista-importante-premiacao-top-2-master-franquia-regional-venda-de-franquias-do-ano-de-2022\\\/#article\",\"isPartOf\":{\"@id\":\"https:\\\/\\\/remaxba.com.br\\\/index.php\\\/2023\\\/04\\\/18\\\/re-max-grupo-bahia-conquista-importante-premiacao-top-2-master-franquia-regional-venda-de-franquias-do-ano-de-2022\\\/\"},\"author\":{\"name\":\"admin\",\"@id\":\"https:\\\/\\\/remaxba.com.br\\\/#\\\/schema\\\/person\\\/b255d3fb92692e52ab905369f0c2dfb0\"},\"headline\":\"RE\\\/MAX GRUPO BAHIA CONQUISTA IMPORTANTE PREMIA\u00c7\u00c3O: TOP 2 MASTER FRANQUIA REGIONAL VENDA DE FRANQUIAS DO ANO DE 2022.\",\"datePublished\":\"2023-04-18T01:47:14+00:00\",\"dateModified\":\"2023-04-18T11:37:32+00:00\",\"mainEntityOfPage\":{\"@id\":\"https:\\\/\\\/remaxba.com.br\\\/index.php\\\/2023\\\/04\\\/18\\\/re-max-grupo-bahia-conquista-importante-premiacao-top-2-master-franquia-regional-venda-de-franquias-do-ano-de-2022\\\/\"},\"wordCount\":1094,\"commentCount\":0,\"image\":{\"@id\":\"https:\\\/\\\/remaxba.com.br\\\/index.php\\\/2023\\\/04\\\/18\\\/re-max-grupo-bahia-conquista-importante-premiacao-top-2-master-franquia-regional-venda-de-franquias-do-ano-de-2022\\\/#primaryimage\"},\"thumbnailUrl\":\"https:\\\/\\\/remaxba.com.br\\\/wp-content\\\/uploads\\\/2023\\\/04\\\/Imagem-do-WhatsApp-de-2023-04-17-as-21.33.02.jpg\",\"articleSection\":[\"Uncategorized\"],\"inLanguage\":\"pt-BR\",\"potentialAction\":[{\"@type\":\"CommentAction\",\"name\":\"Comment\",\"target\":[\"https:\\\/\\\/remaxba.com.br\\\/index.php\\\/2023\\\/04\\\/18\\\/re-max-grupo-bahia-conquista-importante-premiacao-top-2-master-franquia-regional-venda-de-franquias-do-ano-de-2022\\\/#respond\"]}]},{\"@type\":\"WebPage\",\"@id\":\"https:\\\/\\\/remaxba.com.br\\\/index.php\\\/2023\\\/04\\\/18\\\/re-max-grupo-bahia-conquista-importante-premiacao-top-2-master-franquia-regional-venda-de-franquias-do-ano-de-2022\\\/\",\"url\":\"https:\\\/\\\/remaxba.com.br\\\/index.php\\\/2023\\\/04\\\/18\\\/re-max-grupo-bahia-conquista-importante-premiacao-top-2-master-franquia-regional-venda-de-franquias-do-ano-de-2022\\\/\",\"name\":\"RE\\\/MAX GRUPO BAHIA CONQUISTA IMPORTANTE PREMIA\u00c7\u00c3O: TOP 2 MASTER FRANQUIA REGIONAL VENDA DE FRANQUIAS DO ANO DE 2022. - RE\\\/MAX BA\",\"isPartOf\":{\"@id\":\"https:\\\/\\\/remaxba.com.br\\\/#website\"},\"primaryImageOfPage\":{\"@id\":\"https:\\\/\\\/remaxba.com.br\\\/index.php\\\/2023\\\/04\\\/18\\\/re-max-grupo-bahia-conquista-importante-premiacao-top-2-master-franquia-regional-venda-de-franquias-do-ano-de-2022\\\/#primaryimage\"},\"image\":{\"@id\":\"https:\\\/\\\/remaxba.com.br\\\/index.php\\\/2023\\\/04\\\/18\\\/re-max-grupo-bahia-conquista-importante-premiacao-top-2-master-franquia-regional-venda-de-franquias-do-ano-de-2022\\\/#primaryimage\"},\"thumbnailUrl\":\"https:\\\/\\\/remaxba.com.br\\\/wp-content\\\/uploads\\\/2023\\\/04\\\/Imagem-do-WhatsApp-de-2023-04-17-as-21.33.02.jpg\",\"datePublished\":\"2023-04-18T01:47:14+00:00\",\"dateModified\":\"2023-04-18T11:37:32+00:00\",\"author\":{\"@id\":\"https:\\\/\\\/remaxba.com.br\\\/#\\\/schema\\\/person\\\/b255d3fb92692e52ab905369f0c2dfb0\"},\"breadcrumb\":{\"@id\":\"https:\\\/\\\/remaxba.com.br\\\/index.php\\\/2023\\\/04\\\/18\\\/re-max-grupo-bahia-conquista-importante-premiacao-top-2-master-franquia-regional-venda-de-franquias-do-ano-de-2022\\\/#breadcrumb\"},\"inLanguage\":\"pt-BR\",\"potentialAction\":[{\"@type\":\"ReadAction\",\"target\":[\"https:\\\/\\\/remaxba.com.br\\\/index.php\\\/2023\\\/04\\\/18\\\/re-max-grupo-bahia-conquista-importante-premiacao-top-2-master-franquia-regional-venda-de-franquias-do-ano-de-2022\\\/\"]}]},{\"@type\":\"ImageObject\",\"inLanguage\":\"pt-BR\",\"@id\":\"https:\\\/\\\/remaxba.com.br\\\/index.php\\\/2023\\\/04\\\/18\\\/re-max-grupo-bahia-conquista-importante-premiacao-top-2-master-franquia-regional-venda-de-franquias-do-ano-de-2022\\\/#primaryimage\",\"url\":\"https:\\\/\\\/remaxba.com.br\\\/wp-content\\\/uploads\\\/2023\\\/04\\\/Imagem-do-WhatsApp-de-2023-04-17-as-21.33.02.jpg\",\"contentUrl\":\"https:\\\/\\\/remaxba.com.br\\\/wp-content\\\/uploads\\\/2023\\\/04\\\/Imagem-do-WhatsApp-de-2023-04-17-as-21.33.02.jpg\",\"width\":1200,\"height\":1600},{\"@type\":\"BreadcrumbList\",\"@id\":\"https:\\\/\\\/remaxba.com.br\\\/index.php\\\/2023\\\/04\\\/18\\\/re-max-grupo-bahia-conquista-importante-premiacao-top-2-master-franquia-regional-venda-de-franquias-do-ano-de-2022\\\/#breadcrumb\",\"itemListElement\":[{\"@type\":\"ListItem\",\"position\":1,\"name\":\"In\u00edcio\",\"item\":\"https:\\\/\\\/remaxba.com.br\\\/\"},{\"@type\":\"ListItem\",\"position\":2,\"name\":\"RE\\\/MAX GRUPO BAHIA CONQUISTA IMPORTANTE PREMIA\u00c7\u00c3O: TOP 2 MASTER FRANQUIA REGIONAL VENDA DE FRANQUIAS DO ANO DE 2022.\"}]},{\"@type\":\"WebSite\",\"@id\":\"https:\\\/\\\/remaxba.com.br\\\/#website\",\"url\":\"https:\\\/\\\/remaxba.com.br\\\/\",\"name\":\"RE\\\/MAX BA\",\"description\":\"\",\"potentialAction\":[{\"@type\":\"SearchAction\",\"target\":{\"@type\":\"EntryPoint\",\"urlTemplate\":\"https:\\\/\\\/remaxba.com.br\\\/?s={search_term_string}\"},\"query-input\":{\"@type\":\"PropertyValueSpecification\",\"valueRequired\":true,\"valueName\":\"search_term_string\"}}],\"inLanguage\":\"pt-BR\"},{\"@type\":\"Person\",\"@id\":\"https:\\\/\\\/remaxba.com.br\\\/#\\\/schema\\\/person\\\/b255d3fb92692e52ab905369f0c2dfb0\",\"name\":\"admin\",\"image\":{\"@type\":\"ImageObject\",\"inLanguage\":\"pt-BR\",\"@id\":\"https:\\\/\\\/secure.gravatar.com\\\/avatar\\\/5020d0d7d8f76d564a9cdeef6d96a35d93fb243f6fdfa63712f4f538b95f10e5?s=96&d=mm&r=g\",\"url\":\"https:\\\/\\\/secure.gravatar.com\\\/avatar\\\/5020d0d7d8f76d564a9cdeef6d96a35d93fb243f6fdfa63712f4f538b95f10e5?s=96&d=mm&r=g\",\"contentUrl\":\"https:\\\/\\\/secure.gravatar.com\\\/avatar\\\/5020d0d7d8f76d564a9cdeef6d96a35d93fb243f6fdfa63712f4f538b95f10e5?s=96&d=mm&r=g\",\"caption\":\"admin\"},\"sameAs\":[\"https:\\\/\\\/remaxba.com.br\"],\"url\":\"https:\\\/\\\/remaxba.com.br\\\/index.php\\\/author\\\/remaxba\\\/\"}]}<\/script>\n<!-- \/ Yoast SEO plugin. -->","yoast_head_json":{"title":"RE\/MAX GRUPO BAHIA CONQUISTA IMPORTANTE PREMIA\u00c7\u00c3O: TOP 2 MASTER FRANQUIA REGIONAL VENDA DE FRANQUIAS DO ANO DE 2022. - RE\/MAX BA","robots":{"index":"index","follow":"follow","max-snippet":"max-snippet:-1","max-image-preview":"max-image-preview:large","max-video-preview":"max-video-preview:-1"},"canonical":"https:\/\/remaxba.com.br\/index.php\/2023\/04\/18\/re-max-grupo-bahia-conquista-importante-premiacao-top-2-master-franquia-regional-venda-de-franquias-do-ano-de-2022\/","og_locale":"pt_BR","og_type":"article","og_title":"RE\/MAX GRUPO BAHIA CONQUISTA IMPORTANTE PREMIA\u00c7\u00c3O: TOP 2 MASTER FRANQUIA REGIONAL VENDA DE FRANQUIAS DO ANO DE 2022. - RE\/MAX BA","og_description":"Momento hist\u00f3rico! A RE\/MAX GRUPO BAHIA acaba de conquistar uma importante premia\u00e7\u00e3o nacional: TOP 2 MASTER FRANQUIA REGIONAL VENDA DE FRANQUIAS DO ANO DE 2022. A distin\u00e7\u00e3o foi recebida pelos diretores Master Franqueados Kerley Reis e Leandro Lopes durante a C7 BRASIL AND FRIENDS, a maior conven\u00e7\u00e3o da RE\/MAX no Brasil e um dos maiores eventos do ano do mercado imobili\u00e1rio brasileiro.","og_url":"https:\/\/remaxba.com.br\/index.php\/2023\/04\/18\/re-max-grupo-bahia-conquista-importante-premiacao-top-2-master-franquia-regional-venda-de-franquias-do-ano-de-2022\/","og_site_name":"RE\/MAX BA","article_published_time":"2023-04-18T01:47:14+00:00","article_modified_time":"2023-04-18T11:37:32+00:00","og_image":[{"width":1200,"height":1600,"url":"https:\/\/remaxba.com.br\/wp-content\/uploads\/2023\/04\/Imagem-do-WhatsApp-de-2023-04-17-as-21.33.02.jpg","type":"image\/jpeg"}],"author":"admin","twitter_card":"summary_large_image","twitter_misc":{"Escrito por":"admin","Est. tempo de leitura":"10 minutos"},"schema":{"@context":"https:\/\/schema.org","@graph":[{"@type":"Article","@id":"https:\/\/remaxba.com.br\/index.php\/2023\/04\/18\/re-max-grupo-bahia-conquista-importante-premiacao-top-2-master-franquia-regional-venda-de-franquias-do-ano-de-2022\/#article","isPartOf":{"@id":"https:\/\/remaxba.com.br\/index.php\/2023\/04\/18\/re-max-grupo-bahia-conquista-importante-premiacao-top-2-master-franquia-regional-venda-de-franquias-do-ano-de-2022\/"},"author":{"name":"admin","@id":"https:\/\/remaxba.com.br\/#\/schema\/person\/b255d3fb92692e52ab905369f0c2dfb0"},"headline":"RE\/MAX GRUPO BAHIA CONQUISTA IMPORTANTE PREMIA\u00c7\u00c3O: TOP 2 MASTER FRANQUIA REGIONAL VENDA DE FRANQUIAS DO ANO DE 2022.","datePublished":"2023-04-18T01:47:14+00:00","dateModified":"2023-04-18T11:37:32+00:00","mainEntityOfPage":{"@id":"https:\/\/remaxba.com.br\/index.php\/2023\/04\/18\/re-max-grupo-bahia-conquista-importante-premiacao-top-2-master-franquia-regional-venda-de-franquias-do-ano-de-2022\/"},"wordCount":1094,"commentCount":0,"image":{"@id":"https:\/\/remaxba.com.br\/index.php\/2023\/04\/18\/re-max-grupo-bahia-conquista-importante-premiacao-top-2-master-franquia-regional-venda-de-franquias-do-ano-de-2022\/#primaryimage"},"thumbnailUrl":"https:\/\/remaxba.com.br\/wp-content\/uploads\/2023\/04\/Imagem-do-WhatsApp-de-2023-04-17-as-21.33.02.jpg","articleSection":["Uncategorized"],"inLanguage":"pt-BR","potentialAction":[{"@type":"CommentAction","name":"Comment","target":["https:\/\/remaxba.com.br\/index.php\/2023\/04\/18\/re-max-grupo-bahia-conquista-importante-premiacao-top-2-master-franquia-regional-venda-de-franquias-do-ano-de-2022\/#respond"]}]},{"@type":"WebPage","@id":"https:\/\/remaxba.com.br\/index.php\/2023\/04\/18\/re-max-grupo-bahia-conquista-importante-premiacao-top-2-master-franquia-regional-venda-de-franquias-do-ano-de-2022\/","url":"https:\/\/remaxba.com.br\/index.php\/2023\/04\/18\/re-max-grupo-bahia-conquista-importante-premiacao-top-2-master-franquia-regional-venda-de-franquias-do-ano-de-2022\/","name":"RE\/MAX GRUPO BAHIA CONQUISTA IMPORTANTE PREMIA\u00c7\u00c3O: TOP 2 MASTER FRANQUIA REGIONAL VENDA DE FRANQUIAS DO ANO DE 2022. - RE\/MAX BA","isPartOf":{"@id":"https:\/\/remaxba.com.br\/#website"},"primaryImageOfPage":{"@id":"https:\/\/remaxba.com.br\/index.php\/2023\/04\/18\/re-max-grupo-bahia-conquista-importante-premiacao-top-2-master-franquia-regional-venda-de-franquias-do-ano-de-2022\/#primaryimage"},"image":{"@id":"https:\/\/remaxba.com.br\/index.php\/2023\/04\/18\/re-max-grupo-bahia-conquista-importante-premiacao-top-2-master-franquia-regional-venda-de-franquias-do-ano-de-2022\/#primaryimage"},"thumbnailUrl":"https:\/\/remaxba.com.br\/wp-content\/uploads\/2023\/04\/Imagem-do-WhatsApp-de-2023-04-17-as-21.33.02.jpg","datePublished":"2023-04-18T01:47:14+00:00","dateModified":"2023-04-18T11:37:32+00:00","author":{"@id":"https:\/\/remaxba.com.br\/#\/schema\/person\/b255d3fb92692e52ab905369f0c2dfb0"},"breadcrumb":{"@id":"https:\/\/remaxba.com.br\/index.php\/2023\/04\/18\/re-max-grupo-bahia-conquista-importante-premiacao-top-2-master-franquia-regional-venda-de-franquias-do-ano-de-2022\/#breadcrumb"},"inLanguage":"pt-BR","potentialAction":[{"@type":"ReadAction","target":["https:\/\/remaxba.com.br\/index.php\/2023\/04\/18\/re-max-grupo-bahia-conquista-importante-premiacao-top-2-master-franquia-regional-venda-de-franquias-do-ano-de-2022\/"]}]},{"@type":"ImageObject","inLanguage":"pt-BR","@id":"https:\/\/remaxba.com.br\/index.php\/2023\/04\/18\/re-max-grupo-bahia-conquista-importante-premiacao-top-2-master-franquia-regional-venda-de-franquias-do-ano-de-2022\/#primaryimage","url":"https:\/\/remaxba.com.br\/wp-content\/uploads\/2023\/04\/Imagem-do-WhatsApp-de-2023-04-17-as-21.33.02.jpg","contentUrl":"https:\/\/remaxba.com.br\/wp-content\/uploads\/2023\/04\/Imagem-do-WhatsApp-de-2023-04-17-as-21.33.02.jpg","width":1200,"height":1600},{"@type":"BreadcrumbList","@id":"https:\/\/remaxba.com.br\/index.php\/2023\/04\/18\/re-max-grupo-bahia-conquista-importante-premiacao-top-2-master-franquia-regional-venda-de-franquias-do-ano-de-2022\/#breadcrumb","itemListElement":[{"@type":"ListItem","position":1,"name":"In\u00edcio","item":"https:\/\/remaxba.com.br\/"},{"@type":"ListItem","position":2,"name":"RE\/MAX GRUPO BAHIA CONQUISTA IMPORTANTE PREMIA\u00c7\u00c3O: TOP 2 MASTER FRANQUIA REGIONAL VENDA DE FRANQUIAS DO ANO DE 2022."}]},{"@type":"WebSite","@id":"https:\/\/remaxba.com.br\/#website","url":"https:\/\/remaxba.com.br\/","name":"RE\/MAX BA","description":"","potentialAction":[{"@type":"SearchAction","target":{"@type":"EntryPoint","urlTemplate":"https:\/\/remaxba.com.br\/?s={search_term_string}"},"query-input":{"@type":"PropertyValueSpecification","valueRequired":true,"valueName":"search_term_string"}}],"inLanguage":"pt-BR"},{"@type":"Person","@id":"https:\/\/remaxba.com.br\/#\/schema\/person\/b255d3fb92692e52ab905369f0c2dfb0","name":"admin","image":{"@type":"ImageObject","inLanguage":"pt-BR","@id":"https:\/\/secure.gravatar.com\/avatar\/5020d0d7d8f76d564a9cdeef6d96a35d93fb243f6fdfa63712f4f538b95f10e5?s=96&d=mm&r=g","url":"https:\/\/secure.gravatar.com\/avatar\/5020d0d7d8f76d564a9cdeef6d96a35d93fb243f6fdfa63712f4f538b95f10e5?s=96&d=mm&r=g","contentUrl":"https:\/\/secure.gravatar.com\/avatar\/5020d0d7d8f76d564a9cdeef6d96a35d93fb243f6fdfa63712f4f538b95f10e5?s=96&d=mm&r=g","caption":"admin"},"sameAs":["https:\/\/remaxba.com.br"],"url":"https:\/\/remaxba.com.br\/index.php\/author\/remaxba\/"}]}},"_links":{"self":[{"href":"https:\/\/remaxba.com.br\/index.php\/wp-json\/wp\/v2\/posts\/1274","targetHints":{"allow":["GET"]}}],"collection":[{"href":"https:\/\/remaxba.com.br\/index.php\/wp-json\/wp\/v2\/posts"}],"about":[{"href":"https:\/\/remaxba.com.br\/index.php\/wp-json\/wp\/v2\/types\/post"}],"author":[{"embeddable":true,"href":"https:\/\/remaxba.com.br\/index.php\/wp-json\/wp\/v2\/users\/1"}],"replies":[{"embeddable":true,"href":"https:\/\/remaxba.com.br\/index.php\/wp-json\/wp\/v2\/comments?post=1274"}],"version-history":[{"count":75,"href":"https:\/\/remaxba.com.br\/index.php\/wp-json\/wp\/v2\/posts\/1274\/revisions"}],"predecessor-version":[{"id":1398,"href":"https:\/\/remaxba.com.br\/index.php\/wp-json\/wp\/v2\/posts\/1274\/revisions\/1398"}],"wp:featuredmedia":[{"embeddable":true,"href":"https:\/\/remaxba.com.br\/index.php\/wp-json\/wp\/v2\/media\/1290"}],"wp:attachment":[{"href":"https:\/\/remaxba.com.br\/index.php\/wp-json\/wp\/v2\/media?parent=1274"}],"wp:term":[{"taxonomy":"category","embeddable":true,"href":"https:\/\/remaxba.com.br\/index.php\/wp-json\/wp\/v2\/categories?post=1274"},{"taxonomy":"post_tag","embeddable":true,"href":"https:\/\/remaxba.com.br\/index.php\/wp-json\/wp\/v2\/tags?post=1274"}],"curies":[{"name":"wp","href":"https:\/\/api.w.org\/{rel}","templated":true}]}}